{"id":3784,"date":"2021-11-13T22:16:28","date_gmt":"2021-11-14T02:16:28","guid":{"rendered":"https:\/\/webdealta.info\/?p=3784"},"modified":"2021-11-13T22:16:28","modified_gmt":"2021-11-14T02:16:28","slug":"elba-atencio-cambiale-el-rostro-a-este-municipio","status":"publish","type":"post","link":"https:\/\/webdealta.info\/?p=3784","title":{"rendered":"Elba Atencio: \u00abc\u00e1mbiale el rostro a este municipio\u00bb"},"content":{"rendered":"\n<p>Amanda Saldivia.-<\/p>\n\n\n\n<p>Elba Atencio, candidata a la alcald\u00eda del municipio Monagas por la Alianza Democr\u00e1tica, en entrevista a la Web de Altagracia este s\u00e1bado 13 de noviembre, record\u00f3 la etapa en la cual lleg\u00f3 a esta poblaci\u00f3n guarique\u00f1a hace 40 a\u00f1os a ejercer la medicina y su rol como pol\u00edtica en los \u00faltimos 25.<\/p>\n\n\n\n<p>Ahora como aspirante a la alcald\u00eda, postulada por 14 organizaciones pol\u00edticas, no duda en afirmar que su candidatura es la mejor opci\u00f3n para el 21 de noviembre, dada su experiencia como representante municipal del MAS y el trabajo social que ha desarrollado.<\/p>\n\n\n\n<p>La entrevista completa en el canal de Youtube de la Web de Altagracia.<\/p>\n\n\n\n<figure class=\"wp-block-embed is-type-video is-provider-youtube wp-block-embed-youtube wp-embed-aspect-16-9 wp-has-aspect-ratio\"><div class=\"wp-block-embed__wrapper\">\n<iframe loading=\"lazy\" title=\"Entrevista a la Dra. Elba Atencio candidata a la Alcald\u00eda del municipio Monagas.\" width=\"640\" height=\"360\" src=\"https:\/\/www.youtube.com\/embed\/v2kVyU4zNjU?feature=oembed\" frameborder=\"0\" allow=\"accelerometer; autoplay; clipboard-write; encrypted-media; gyroscope; picture-in-picture; web-share\" referrerpolicy=\"strict-origin-when-cross-origin\" allowfullscreen><\/iframe>\n<\/div><\/figure>\n","protected":false},"excerpt":{"rendered":"<p>Amanda Saldivia.- Elba Atencio, candidata a la alcald\u00eda del municipio Monagas por la Alianza Democr\u00e1tica, en entrevista a la Web de Altagracia este s\u00e1bado 13 de noviembre, record\u00f3 la etapa en la cual lleg\u00f3 a esta poblaci\u00f3n guarique\u00f1a hace 40 a\u00f1os a ejercer la medicina y su rol como pol\u00edtica<\/p>\n","protected":false},"author":3,"featured_media":3785,"comment_status":"open","ping_status":"open","sticky":false,"template":"","format":"standard","meta":{"advanced_seo_description":"","jetpack_seo_html_title":"","jetpack_seo_noindex":false,"_jetpack_memberships_contains_paid_content":false,"footnotes":"","jetpack_publicize_message":"","jetpack_publicize_feature_enabled":true,"jetpack_social_post_already_shared":true,"jetpack_social_options":{"image_generator_settings":{"template":"highway","enabled":false},"version":2}},"categories":[285],"tags":[],"class_list":["post-3784","post","type-post","status-publish","format-standard","has-post-thumbnail","hentry","category-entrevista",""],"jetpack_publicize_connections":[],"jetpack_featured_media_url":"https:\/\/webdealta.info\/wp-content\/uploads\/2021\/11\/photo_2021-11-13_22-07-25.jpg","jetpack_sharing_enabled":true,"jetpack_likes_enabled":true,"jetpack-related-posts":[],"jetpack_shortlink":"https:\/\/wp.me\/pcseDn-Z2","_links":{"self":[{"href":"https:\/\/webdealta.info\/index.php?rest_route=\/wp\/v2\/posts\/3784","targetHints":{"allow":["GET"]}}],"collection":[{"href":"https:\/\/webdealta.info\/index.php?rest_route=\/wp\/v2\/posts"}],"about":[{"href":"https:\/\/webdealta.info\/index.php?rest_route=\/wp\/v2\/types\/post"}],"author":[{"embeddable":true,"href":"https:\/\/webdealta.info\/index.php?rest_route=\/wp\/v2\/users\/3"}],"replies":[{"embeddable":true,"href":"https:\/\/webdealta.info\/index.php?rest_route=%2Fwp%2Fv2%2Fcomments&post=3784"}],"version-history":[{"count":1,"href":"https:\/\/webdealta.info\/index.php?rest_route=\/wp\/v2\/posts\/3784\/revisions"}],"predecessor-version":[{"id":3786,"href":"https:\/\/webdealta.info\/index.php?rest_route=\/wp\/v2\/posts\/3784\/revisions\/3786"}],"wp:featuredmedia":[{"embeddable":true,"href":"https:\/\/webdealta.info\/index.php?rest_route=\/wp\/v2\/media\/3785"}],"wp:attachment":[{"href":"https:\/\/webdealta.info\/index.php?rest_route=%2Fwp%2Fv2%2Fmedia&parent=3784"}],"wp:term":[{"taxonomy":"category","embeddable":true,"href":"https:\/\/webdealta.info\/index.php?rest_route=%2Fwp%2Fv2%2Fcategories&post=3784"},{"taxonomy":"post_tag","embeddable":true,"href":"https:\/\/webdealta.info\/index.php?rest_route=%2Fwp%2Fv2%2Ftags&post=3784"}],"curies":[{"name":"wp","href":"https:\/\/api.w.org\/{rel}","templated":true}]}}