{"id":3777,"date":"2021-11-12T20:57:36","date_gmt":"2021-11-13T00:57:36","guid":{"rendered":"https:\/\/webdealta.info\/?p=3777"},"modified":"2021-11-12T20:57:38","modified_gmt":"2021-11-13T00:57:38","slug":"andreina-zerpa-enfocada-en-el-bienestar-de-nuestra-gente","status":"publish","type":"post","link":"https:\/\/webdealta.info\/?p=3777","title":{"rendered":"Andreina Zerpa: enfocada en el bienestar de nuestra gente"},"content":{"rendered":"\n<p>Amanda Saldivia.-<\/p>\n\n\n\n<p>El voto lista de la tarjeta de la Unidad en el municipio Monagas est\u00e1 encabezado por Andreina Zerpa, quien aspira ser la voz y la acci\u00f3n en el Concejo Municipal, y dijo estar enfocada en el \u201cbienestar de nuestra gente, en el sue\u00f1o de esperanza y que nosotros estamos alimentando\u201d.<\/p>\n\n\n\n<p>As\u00ed lo expres\u00f3 en la ma\u00f1ana de este viernes al equipo de la Web de Altagracia, quien la visit\u00f3 en su residencia para pulsar la opini\u00f3n de la candidata a pocos d\u00edas de celebrarse los comicios regionales y municipales pautados para el domingo 21 de noviembre.<\/p>\n\n\n\n<p>La entrevista completa en el canal de YouTube de la Web de Altagracia.<\/p>\n\n\n\n<figure class=\"wp-block-embed is-type-video is-provider-youtube wp-block-embed-youtube wp-embed-aspect-16-9 wp-has-aspect-ratio\"><div class=\"wp-block-embed__wrapper\">\n<iframe loading=\"lazy\" title=\"Entrevista a Andreina Zerpa, candidata al Concejo Municipal por la Unidad.\" width=\"640\" height=\"360\" src=\"https:\/\/www.youtube.com\/embed\/dT0ExkADG5c?feature=oembed\" frameborder=\"0\" allow=\"accelerometer; autoplay; clipboard-write; encrypted-media; gyroscope; picture-in-picture; web-share\" referrerpolicy=\"strict-origin-when-cross-origin\" allowfullscreen><\/iframe>\n<\/div><\/figure>\n","protected":false},"excerpt":{"rendered":"<p>Amanda Saldivia.- El voto lista de la tarjeta de la Unidad en el municipio Monagas est\u00e1 encabezado por Andreina Zerpa, quien aspira ser la voz y la acci\u00f3n en el Concejo Municipal, y dijo estar enfocada en el \u201cbienestar de nuestra gente, en el sue\u00f1o de esperanza y que nosotros<\/p>\n","protected":false},"author":2,"featured_media":3778,"comment_status":"open","ping_status":"open","sticky":false,"template":"","format":"standard","meta":{"advanced_seo_description":"","jetpack_seo_html_title":"","jetpack_seo_noindex":false,"_jetpack_memberships_contains_paid_content":false,"footnotes":"","jetpack_publicize_message":"","jetpack_publicize_feature_enabled":true,"jetpack_social_post_already_shared":true,"jetpack_social_options":{"image_generator_settings":{"template":"highway","enabled":false},"version":2}},"categories":[285],"tags":[],"class_list":["post-3777","post","type-post","status-publish","format-standard","has-post-thumbnail","hentry","category-entrevista",""],"jetpack_publicize_connections":[],"jetpack_featured_media_url":"https:\/\/webdealta.info\/wp-content\/uploads\/2021\/11\/andrezer-1.jpg","jetpack_sharing_enabled":true,"jetpack_likes_enabled":true,"jetpack-related-posts":[],"jetpack_shortlink":"https:\/\/wp.me\/pcseDn-YV","_links":{"self":[{"href":"https:\/\/webdealta.info\/index.php?rest_route=\/wp\/v2\/posts\/3777","targetHints":{"allow":["GET"]}}],"collection":[{"href":"https:\/\/webdealta.info\/index.php?rest_route=\/wp\/v2\/posts"}],"about":[{"href":"https:\/\/webdealta.info\/index.php?rest_route=\/wp\/v2\/types\/post"}],"author":[{"embeddable":true,"href":"https:\/\/webdealta.info\/index.php?rest_route=\/wp\/v2\/users\/2"}],"replies":[{"embeddable":true,"href":"https:\/\/webdealta.info\/index.php?rest_route=%2Fwp%2Fv2%2Fcomments&post=3777"}],"version-history":[{"count":1,"href":"https:\/\/webdealta.info\/index.php?rest_route=\/wp\/v2\/posts\/3777\/revisions"}],"predecessor-version":[{"id":3779,"href":"https:\/\/webdealta.info\/index.php?rest_route=\/wp\/v2\/posts\/3777\/revisions\/3779"}],"wp:featuredmedia":[{"embeddable":true,"href":"https:\/\/webdealta.info\/index.php?rest_route=\/wp\/v2\/media\/3778"}],"wp:attachment":[{"href":"https:\/\/webdealta.info\/index.php?rest_route=%2Fwp%2Fv2%2Fmedia&parent=3777"}],"wp:term":[{"taxonomy":"category","embeddable":true,"href":"https:\/\/webdealta.info\/index.php?rest_route=%2Fwp%2Fv2%2Fcategories&post=3777"},{"taxonomy":"post_tag","embeddable":true,"href":"https:\/\/webdealta.info\/index.php?rest_route=%2Fwp%2Fv2%2Ftags&post=3777"}],"curies":[{"name":"wp","href":"https:\/\/api.w.org\/{rel}","templated":true}]}}