{"id":3759,"date":"2021-11-10T22:54:48","date_gmt":"2021-11-11T02:54:48","guid":{"rendered":"https:\/\/webdealta.info\/?p=3759"},"modified":"2021-11-10T22:54:54","modified_gmt":"2021-11-11T02:54:54","slug":"gobernador-jose-vasquez-satisfechos-no-vamos-a-estar-nunca","status":"publish","type":"post","link":"https:\/\/webdealta.info\/?p=3759","title":{"rendered":"Gobernador Jos\u00e9 V\u00e1squez: \u201csatisfechos no vamos a estar nunca\u201d"},"content":{"rendered":"\n<p>Amanda Saldivia.-<\/p>\n\n\n\n<p>En el marco de la inauguraci\u00f3n de la planta de llenado de gas Jos\u00e9 Tadeo Monagas, ubicada en Altagracia de Orituco, el gobernador Jos\u00e9 V\u00e1squez concedi\u00f3 una entrevista en la cual fueron abordados temas de inter\u00e9s para esta regi\u00f3n guarique\u00f1a, entre ellos la necesaria inversi\u00f3n en el servicio de agua potable, la paralizaci\u00f3n de los trabajos en el \u00e1rea de emergencia del hospital Dr. Jos\u00e9 Francisco Torrealba y la evaluaci\u00f3n de los cuatro a\u00f1os de mandato.<\/p>\n\n\n\n<p>Sobre este \u00faltimo aspecto, respondi\u00f3 que \u201csatisfechos no vamos a estar nunca, lo que si es que siempre hemos venido haciendo es una gesti\u00f3n de compromiso y d\u00e1ndole la cara al pueblo\u2026siempre va a haber algo que hacer, ahora nosotros estamos claros, tenemos muchas cosas que cambiar, renovar nuevos m\u00e9todos y eso es una gesti\u00f3n de acuerdo a las particulares que vayamos transitando, el tema de los ingresos no ha sido nada f\u00e1cil\u201d.<\/p>\n\n\n\n<p>Igualmente se abord\u00f3 el tema de las elecciones internas del PSUV y los aprendizajes que le hab\u00eda dejado esta experiencia, tomando como referencia el resultado del municipio Monagas, en el cual se evidenci\u00f3 que las bases del partido no le dieron un respaldo rotundo.<\/p>\n\n\n\n<p>Respecto a este punto, el gobernador Jos\u00e9 V\u00e1squez, dijo que confi\u00f3 en personas que ten\u00edan esa responsabilidad y cit\u00f3 el caso de los alcaldes, motivo por el cual considera que pag\u00f3 por asuntos que no eran de su competencia directa, por ejemplo \u201chab\u00eda basura en una comunidad y pagaron conmigo, que hab\u00eda una calle rota en una comunidad y yo era el responsable, todo eso me permiti\u00f3 hacer una reflexi\u00f3n, porque yo me confi\u00e9 en que los mandatarios municipales ten\u00edan una comunicaci\u00f3n permanente\u201d.<\/p>\n\n\n\n<p>La entrevista completa al gobernador Jos\u00e9 V\u00e1squez en el canal de YouTube:<\/p>\n\n\n\n<figure class=\"wp-block-embed is-type-video is-provider-youtube wp-block-embed-youtube wp-embed-aspect-16-9 wp-has-aspect-ratio\"><div class=\"wp-block-embed__wrapper\">\n<iframe loading=\"lazy\" title=\"Entrevista al gobernador Jos\u00e9 V\u00e1squez\" width=\"640\" height=\"360\" src=\"https:\/\/www.youtube.com\/embed\/79Y1Nz3ccIQ?feature=oembed\" frameborder=\"0\" allow=\"accelerometer; autoplay; clipboard-write; encrypted-media; gyroscope; picture-in-picture; web-share\" referrerpolicy=\"strict-origin-when-cross-origin\" allowfullscreen><\/iframe>\n<\/div><\/figure>\n","protected":false},"excerpt":{"rendered":"<p>Amanda Saldivia.- En el marco de la inauguraci\u00f3n de la planta de llenado de gas Jos\u00e9 Tadeo Monagas, ubicada en Altagracia de Orituco, el gobernador Jos\u00e9 V\u00e1squez concedi\u00f3 una entrevista en la cual fueron abordados temas de inter\u00e9s para esta regi\u00f3n guarique\u00f1a, entre ellos la necesaria inversi\u00f3n en el servicio<\/p>\n","protected":false},"author":2,"featured_media":3761,"comment_status":"open","ping_status":"open","sticky":false,"template":"","format":"standard","meta":{"advanced_seo_description":"","jetpack_seo_html_title":"","jetpack_seo_noindex":false,"_jetpack_memberships_contains_paid_content":false,"footnotes":"","jetpack_publicize_message":"","jetpack_publicize_feature_enabled":true,"jetpack_social_post_already_shared":true,"jetpack_social_options":{"image_generator_settings":{"template":"highway","enabled":false},"version":2}},"categories":[285],"tags":[8,7,32],"class_list":["post-3759","post","type-post","status-publish","format-standard","has-post-thumbnail","hentry","category-entrevista","tag-altagraciadeorituco","tag-guarico","tag-webdealta",""],"jetpack_publicize_connections":[],"jetpack_featured_media_url":"https:\/\/webdealta.info\/wp-content\/uploads\/2021\/11\/webdealta-gobernador.jpeg","jetpack_sharing_enabled":true,"jetpack_likes_enabled":true,"jetpack-related-posts":[],"jetpack_shortlink":"https:\/\/wp.me\/pcseDn-YD","_links":{"self":[{"href":"https:\/\/webdealta.info\/index.php?rest_route=\/wp\/v2\/posts\/3759","targetHints":{"allow":["GET"]}}],"collection":[{"href":"https:\/\/webdealta.info\/index.php?rest_route=\/wp\/v2\/posts"}],"about":[{"href":"https:\/\/webdealta.info\/index.php?rest_route=\/wp\/v2\/types\/post"}],"author":[{"embeddable":true,"href":"https:\/\/webdealta.info\/index.php?rest_route=\/wp\/v2\/users\/2"}],"replies":[{"embeddable":true,"href":"https:\/\/webdealta.info\/index.php?rest_route=%2Fwp%2Fv2%2Fcomments&post=3759"}],"version-history":[{"count":1,"href":"https:\/\/webdealta.info\/index.php?rest_route=\/wp\/v2\/posts\/3759\/revisions"}],"predecessor-version":[{"id":3762,"href":"https:\/\/webdealta.info\/index.php?rest_route=\/wp\/v2\/posts\/3759\/revisions\/3762"}],"wp:featuredmedia":[{"embeddable":true,"href":"https:\/\/webdealta.info\/index.php?rest_route=\/wp\/v2\/media\/3761"}],"wp:attachment":[{"href":"https:\/\/webdealta.info\/index.php?rest_route=%2Fwp%2Fv2%2Fmedia&parent=3759"}],"wp:term":[{"taxonomy":"category","embeddable":true,"href":"https:\/\/webdealta.info\/index.php?rest_route=%2Fwp%2Fv2%2Fcategories&post=3759"},{"taxonomy":"post_tag","embeddable":true,"href":"https:\/\/webdealta.info\/index.php?rest_route=%2Fwp%2Fv2%2Ftags&post=3759"}],"curies":[{"name":"wp","href":"https:\/\/api.w.org\/{rel}","templated":true}]}}