{"id":3736,"date":"2021-11-06T13:49:27","date_gmt":"2021-11-06T17:49:27","guid":{"rendered":"https:\/\/webdealta.info\/?p=3736"},"modified":"2021-11-06T13:49:30","modified_gmt":"2021-11-06T17:49:30","slug":"forjadores-de-progreso-ramon-alberto-mirabal","status":"publish","type":"post","link":"https:\/\/webdealta.info\/?p=3736","title":{"rendered":"Forjadores de Progreso: Ram\u00f3n Alberto Mirabal"},"content":{"rendered":"\n<p>Amanda Saldivia.-<\/p>\n\n\n\n<p>La d\u00e9cima entrega de Forjadores de Progreso, iniciativa de la empresa Promasorca como parte de la celebraci\u00f3n del 25 aniversario, est\u00e1 dedicada a distinguir a un hijo adoptivo de esta tierra. Al preguntarle d\u00f3nde naci\u00f3 no dudo en contestar en las Riberas del Arauca Vibrador. Ram\u00f3n Alberto Mirabal Zapata, Beto como cari\u00f1osamente le decimos, naci\u00f3 en Guasdualito, estado Apure, el 28 de abril de 1948.<\/p>\n\n\n\n<p>Beto, como todo ni\u00f1o inquieto, segu\u00eda a su padre por los destacamentos donde era transferido. Ram\u00f3n Antonio era funcionario de la Guardia Nacional y para el a\u00f1o 1962 lleg\u00f3 a Altagracia, pueblo guarique\u00f1o donde su hijo se qued\u00f3 para ser referencia en el \u00e1mbito de la comunicaci\u00f3n social y de la promoci\u00f3n del quehacer cultural del municipio Monagas.<\/p>\n\n\n\n<p>El inteligente hijo de Alcira Zapata y Ram\u00f3n Antonio Mirabal sigui\u00f3 sus estudios de bachillerato en el liceo Ram\u00f3n Buenahora. Al culminar esa etapa, comenz\u00f3 a trabajar y le correspondi\u00f3 como operador de telecomunicaciones de la CANTV, el primer enlace telef\u00f3nico que realiz\u00f3 esta compa\u00f1\u00eda en Altagracia en el a\u00f1o 1967.<\/p>\n\n\n\n<p>Despu\u00e9s, se fue a Caracas, trabajaba en la oficina de enlace de la Universidad de Oriente y en las noches estudiaba en la escuela de Letras de la Universidad Central de Venezuela, carrera que no culmin\u00f3, pero fue el punto de partida para desarrollar todo el potencial que nos ha brindado durante a\u00f1os. Ese recordatorio constante a que apreciemos los valores culturales del Orituco, entre ellos poetas, historiadores, a todos aquellos que han enaltecido nuestro gentilicio.<\/p>\n\n\n\n<p>Tambi\u00e9n en Caracas, Beto Mirabal realiz\u00f3 cursos de fotograf\u00eda y all\u00ed otro potencial a desarrollar. Gracias a \u00e9l tenemos registro del acontecer social y noticioso de esta regi\u00f3n guarique\u00f1a, porque una vez de regreso a su terru\u00f1o adoptivo, inaugura Foto Estudio Beto, adem\u00e1s de que esa pasi\u00f3n lo lleva a distinguirse como reportero gr\u00e1fico.<\/p>\n\n\n\n<p>En la d\u00e9cada de los 80 y 90 el nombre de Beto Mirabal ya era referencia en Altagracia, por ser corresponsal de medios regionales, ten\u00eda la columna la Piedrita en el Zapato, promov\u00eda y era directivo del Ateneo del Orituco y exitoso director de la Casa de la Cultura Jes\u00fas Bandres, espacio que le permiti\u00f3 fundar una biblioteca con m\u00e1s de mil ejemplares e igualmente editar y dirigir el peri\u00f3dico Caramacate.<\/p>\n\n\n\n<p>Al llegar la era digital, Beto Mirabal dej\u00f3 solo el sal\u00f3n de revelado de fotograf\u00edas en blanco y negro, para dedicarse a un mundo nuevo, pero igualmente maravilloso. Casi a diario realiza publicaciones en la red social Facebook, en la cual destaca diversos contenidos, entre ellos ese repaso por nuestra historia, fotograf\u00edas emblem\u00e1ticas y hasta videos editados por \u00e9l, lo que muestra su aprendizaje constante y el compromiso por la comunicaci\u00f3n social.<\/p>\n\n\n\n<p>Precisamente es af\u00e1n por mostrar a nuestra tierra con sus fortalezas y debilidades lo llev\u00f3 a otro proyecto: editar y dirigir el peri\u00f3dico La Voz de Orituco el a\u00f1o 2007, fecha en la cual tambi\u00e9n presidi\u00f3 la Fundaci\u00f3n Fondo Editorial Orituco.<\/p>\n\n\n\n<p>Porque Beto Mirabal asumi\u00f3 Altagracia como su terru\u00f1o, porque desde joven se dedic\u00f3 a resaltar los valores culturales de esta tierra, porque se involucr\u00f3 en proyectos importantes, como la creaci\u00f3n de IUT de los Llanos, la Fundaci\u00f3n Dr. Pedro Mar\u00eda Ar\u00e9valo, porque fue Coordinador del N\u00facleo de la Orquesta Sinf\u00f3nica Rafael Magdaleno Infante Bandres, porque su nombre sigue siendo referencia y su casa en el Banco Obrero, junto a Maritza y sus nietos, el lugar a donde muchos acuden en busca de esos datos importantes sobre nuestra historia local, Ram\u00f3n Alberto Mirabal Zapata, Beto, forma parte de Forjadores de Progreso.<\/p>\n\n\n\n<p>@amandasaldivia   <\/p>\n\n\n\n<p><\/p>\n","protected":false},"excerpt":{"rendered":"<p>Amanda Saldivia.- La d\u00e9cima entrega de Forjadores de Progreso, iniciativa de la empresa Promasorca como parte de la celebraci\u00f3n del 25 aniversario, est\u00e1 dedicada a distinguir a un hijo adoptivo de esta tierra. Al preguntarle d\u00f3nde naci\u00f3 no dudo en contestar en las Riberas del Arauca Vibrador. Ram\u00f3n Alberto Mirabal<\/p>\n","protected":false},"author":2,"featured_media":3737,"comment_status":"open","ping_status":"open","sticky":false,"template":"","format":"standard","meta":{"advanced_seo_description":"","jetpack_seo_html_title":"","jetpack_seo_noindex":false,"_jetpack_memberships_contains_paid_content":false,"footnotes":"","jetpack_publicize_message":"","jetpack_publicize_feature_enabled":true,"jetpack_social_post_already_shared":true,"jetpack_social_options":{"image_generator_settings":{"template":"highway","enabled":false},"version":2}},"categories":[156],"tags":[8,7,32],"class_list":["post-3736","post","type-post","status-publish","format-standard","has-post-thumbnail","hentry","category-publirreportaje","tag-altagraciadeorituco","tag-guarico","tag-webdealta",""],"jetpack_publicize_connections":[],"jetpack_featured_media_url":"https:\/\/webdealta.info\/wp-content\/uploads\/2021\/11\/beto-en-la-biblioteca.jpg","jetpack_sharing_enabled":true,"jetpack_likes_enabled":true,"jetpack-related-posts":[],"jetpack_shortlink":"https:\/\/wp.me\/pcseDn-Yg","_links":{"self":[{"href":"https:\/\/webdealta.info\/index.php?rest_route=\/wp\/v2\/posts\/3736","targetHints":{"allow":["GET"]}}],"collection":[{"href":"https:\/\/webdealta.info\/index.php?rest_route=\/wp\/v2\/posts"}],"about":[{"href":"https:\/\/webdealta.info\/index.php?rest_route=\/wp\/v2\/types\/post"}],"author":[{"embeddable":true,"href":"https:\/\/webdealta.info\/index.php?rest_route=\/wp\/v2\/users\/2"}],"replies":[{"embeddable":true,"href":"https:\/\/webdealta.info\/index.php?rest_route=%2Fwp%2Fv2%2Fcomments&post=3736"}],"version-history":[{"count":1,"href":"https:\/\/webdealta.info\/index.php?rest_route=\/wp\/v2\/posts\/3736\/revisions"}],"predecessor-version":[{"id":3738,"href":"https:\/\/webdealta.info\/index.php?rest_route=\/wp\/v2\/posts\/3736\/revisions\/3738"}],"wp:featuredmedia":[{"embeddable":true,"href":"https:\/\/webdealta.info\/index.php?rest_route=\/wp\/v2\/media\/3737"}],"wp:attachment":[{"href":"https:\/\/webdealta.info\/index.php?rest_route=%2Fwp%2Fv2%2Fmedia&parent=3736"}],"wp:term":[{"taxonomy":"category","embeddable":true,"href":"https:\/\/webdealta.info\/index.php?rest_route=%2Fwp%2Fv2%2Fcategories&post=3736"},{"taxonomy":"post_tag","embeddable":true,"href":"https:\/\/webdealta.info\/index.php?rest_route=%2Fwp%2Fv2%2Ftags&post=3736"}],"curies":[{"name":"wp","href":"https:\/\/api.w.org\/{rel}","templated":true}]}}