{"id":3730,"date":"2021-11-06T00:16:14","date_gmt":"2021-11-06T04:16:14","guid":{"rendered":"https:\/\/webdealta.info\/?p=3730"},"modified":"2021-11-06T00:16:15","modified_gmt":"2021-11-06T04:16:15","slug":"contrastes-en-la-calle-guarico-no-hay-agua-en-la-carabobo-se-pierde","status":"publish","type":"post","link":"https:\/\/webdealta.info\/?p=3730","title":{"rendered":"Contrastes: en la calle Gu\u00e1rico no hay agua, en la Carabobo se pierde"},"content":{"rendered":"\n<p>Amanda Saldivia.-<\/p>\n\n\n\n<p>Vecinos de la urbanizaci\u00f3n Las Mayitas, espec\u00edficamente de la calle Gu\u00e1rico, llevan la cuenta de los d\u00edas sin agua potable, en total 38 sin que llegue por las tuber\u00edas, mientras al cruzar la esquina est\u00e1 la prolongaci\u00f3n de la Carabobo, donde miles de litros se pierden desde hace a\u00f1os, con el impacto en el deterioro de la vialidad.<\/p>\n\n\n\n<p>El servicio desmejor\u00f3 en Altagracia de Orituco, producto de la desinversi\u00f3n en mantenimiento, sustituci\u00f3n de equipos y falta de personal calificado, lo que trajo consigo la p\u00e9rdida en la calidad de vida, incluso en zonas que no dependen del bombeo como es el caso de Las Mayitas, otrora urbanizaci\u00f3n de clase media.<\/p>\n\n\n\n<p>El testimonio del profesor Almea, destac\u00f3 en el transcurso de la semana como parte de los mensajes de vecinos, quienes por medio del grupo de WhatsApp Webdealta se mantienen en interacci\u00f3n con los responsables de este medio digital.<\/p>\n\n\n\n<p>En uno de ellos, escribi\u00f3 que tienen 35 d\u00edas \u201csin que nos llegue una gota de agua, no s\u00e9 qu\u00e9 pasa, han mandado a todos los barrios aleda\u00f1os y a nosotros nada, por qu\u00e9 no nos mandan agua\u201d y complement\u00f3 con la fotograf\u00eda de la calle Gu\u00e1rico en la cual habita.<\/p>\n\n\n\n<figure class=\"wp-block-image size-large\"><img loading=\"lazy\" decoding=\"async\" width=\"1024\" height=\"546\" src=\"https:\/\/webdealta.info\/wp-content\/uploads\/2021\/11\/webdealta-calle-Guarico-1-1024x546.png\" alt=\"\" class=\"wp-image-3733\" srcset=\"https:\/\/webdealta.info\/wp-content\/uploads\/2021\/11\/webdealta-calle-Guarico-1.png 1024w, https:\/\/webdealta.info\/wp-content\/uploads\/2021\/11\/webdealta-calle-Guarico-1.png 300w, https:\/\/webdealta.info\/wp-content\/uploads\/2021\/11\/webdealta-calle-Guarico-1.png 768w, https:\/\/webdealta.info\/wp-content\/uploads\/2021\/11\/webdealta-calle-Guarico-1.png 1170w, https:\/\/webdealta.info\/wp-content\/uploads\/2021\/11\/webdealta-calle-Guarico-1.png 1500w, https:\/\/webdealta.info\/wp-content\/uploads\/2021\/11\/webdealta-calle-Guarico-1.png 1280w\" sizes=\"auto, (max-width: 640px) 100vw, 640px\" \/><figcaption>Calle Gu\u00e1rico de Las Mayitas <\/figcaption><\/figure>\n\n\n\n<p>En el segundo mensaje, comparti\u00f3 la evidencia de como miles de litros de agua se pierden en la prolongaci\u00f3n de la calle Carabobo y escribi\u00f3 que \u00abeso ya no es calle\u00bb, en alusi\u00f3n al deterioro de la vialidad y para anunciar que estaban \u201ccumpliendo 38 d\u00edas sin una gota de agua, esto es rudo y no le paran a ese problema\u201d.<\/p>\n\n\n\n<p>@amandasaldivia    <\/p>\n\n\n\n<p><\/p>\n","protected":false},"excerpt":{"rendered":"<p>Amanda Saldivia.- Vecinos de la urbanizaci\u00f3n Las Mayitas, espec\u00edficamente de la calle Gu\u00e1rico, llevan la cuenta de los d\u00edas sin agua potable, en total 38 sin que llegue por las tuber\u00edas, mientras al cruzar la esquina est\u00e1 la prolongaci\u00f3n de la Carabobo, donde miles de litros se pierden desde hace<\/p>\n","protected":false},"author":2,"featured_media":3731,"comment_status":"open","ping_status":"open","sticky":false,"template":"","format":"standard","meta":{"advanced_seo_description":"","jetpack_seo_html_title":"","jetpack_seo_noindex":false,"_jetpack_memberships_contains_paid_content":false,"footnotes":"","jetpack_publicize_message":"","jetpack_publicize_feature_enabled":true,"jetpack_social_post_already_shared":true,"jetpack_social_options":{"image_generator_settings":{"template":"highway","enabled":false},"version":2}},"categories":[21],"tags":[8,7,32],"class_list":["post-3730","post","type-post","status-publish","format-standard","has-post-thumbnail","hentry","category-agua-potable","tag-altagraciadeorituco","tag-guarico","tag-webdealta",""],"jetpack_publicize_connections":[],"jetpack_featured_media_url":"https:\/\/webdealta.info\/wp-content\/uploads\/2021\/11\/Dakota-Cabrera-6.png","jetpack_sharing_enabled":true,"jetpack_likes_enabled":true,"jetpack-related-posts":[],"jetpack_shortlink":"https:\/\/wp.me\/pcseDn-Ya","_links":{"self":[{"href":"https:\/\/webdealta.info\/index.php?rest_route=\/wp\/v2\/posts\/3730","targetHints":{"allow":["GET"]}}],"collection":[{"href":"https:\/\/webdealta.info\/index.php?rest_route=\/wp\/v2\/posts"}],"about":[{"href":"https:\/\/webdealta.info\/index.php?rest_route=\/wp\/v2\/types\/post"}],"author":[{"embeddable":true,"href":"https:\/\/webdealta.info\/index.php?rest_route=\/wp\/v2\/users\/2"}],"replies":[{"embeddable":true,"href":"https:\/\/webdealta.info\/index.php?rest_route=%2Fwp%2Fv2%2Fcomments&post=3730"}],"version-history":[{"count":1,"href":"https:\/\/webdealta.info\/index.php?rest_route=\/wp\/v2\/posts\/3730\/revisions"}],"predecessor-version":[{"id":3734,"href":"https:\/\/webdealta.info\/index.php?rest_route=\/wp\/v2\/posts\/3730\/revisions\/3734"}],"wp:featuredmedia":[{"embeddable":true,"href":"https:\/\/webdealta.info\/index.php?rest_route=\/wp\/v2\/media\/3731"}],"wp:attachment":[{"href":"https:\/\/webdealta.info\/index.php?rest_route=%2Fwp%2Fv2%2Fmedia&parent=3730"}],"wp:term":[{"taxonomy":"category","embeddable":true,"href":"https:\/\/webdealta.info\/index.php?rest_route=%2Fwp%2Fv2%2Fcategories&post=3730"},{"taxonomy":"post_tag","embeddable":true,"href":"https:\/\/webdealta.info\/index.php?rest_route=%2Fwp%2Fv2%2Ftags&post=3730"}],"curies":[{"name":"wp","href":"https:\/\/api.w.org\/{rel}","templated":true}]}}