{"id":3721,"date":"2021-11-03T22:11:02","date_gmt":"2021-11-04T02:11:02","guid":{"rendered":"https:\/\/webdealta.info\/?p=3721"},"modified":"2021-11-03T22:11:05","modified_gmt":"2021-11-04T02:11:05","slug":"extraoficial-28-pacientes-fallecieron-en-octubre-por-afecciones-respiratorias","status":"publish","type":"post","link":"https:\/\/webdealta.info\/?p=3721","title":{"rendered":"Extraoficial: 28 pacientes fallecieron en octubre por afecciones respiratorias"},"content":{"rendered":"\n<p>Amanda Saldivia.-<\/p>\n\n\n\n<p>En el mes de octubre el repunte de afecciones respiratorias, asociadas al covid-19 en el municipio Monagas, Gu\u00e1rico, registr\u00f3 la cifra de decesos m\u00e1s alta desde que comenz\u00f3 la pandemia, con un total de 28 fallecidos.<\/p>\n\n\n\n<p>De acuerdo a los datos extraoficiales, la mayor\u00eda de los pacientes falleci\u00f3 en la sala de aislamiento del hospital Dr. Jos\u00e9 Francisco Torrealba de Altagracia de Orituco, dos en centros privados de atenci\u00f3n de salud, otros en domicilios y tres que fueron referidos, seg\u00fan reportes de familiares.<\/p>\n\n\n\n<p>Aunque no hay un informe oficial, si la preocupaci\u00f3n expresada por el personal de salud a comienzos de octubre, cuando alertaron sobre el repunte del virus e incluso informaron que no hab\u00eda camas disponibles en el hospital. Para ese momento eran 17 los fallecidos por complicaciones asociadas al covid-19.<\/p>\n\n\n\n<p>En esa oportunidad, la Dra. Maigualida Ram\u00edrez, jefa de epidemiolog\u00eda, declar\u00f3 en el programa Tiempo de Cambios, transmitido por Activa 104.9 FM y conducido por la redactora de esta nota de prensa, que hab\u00eda un promedio de 8 pacientes fallecidos al mes por afecciones respiratorias de enero a la fecha, al extremo de que pas\u00f3 a ser la primera causa de muerte en el municipio, cuando antes era las patolog\u00edas card\u00edacas.<\/p>\n\n\n\n<p>Igualmente se\u00f1al\u00f3 que entre esos casos estaban dos ni\u00f1os, motivo por el cual insisti\u00f3 en la necesidad de asumir el uso del tapabocas y el distanciamiento como medida de prevenci\u00f3n. Durante los d\u00edas sucesivos, se intensific\u00f3 la campa\u00f1a de prevenci\u00f3n y baj\u00f3 el registro de nuevos casos.<\/p>\n\n\n\n<p>Sin embargo, el mes de octubre cierra con la cifra de 28 fallecidos, que si bien es cierto no ha sido confirmada por la autoridad correspondiente, es muestra del riesgo que sigue representando el virus para la poblaci\u00f3n.<\/p>\n\n\n\n<p>@amandasaldivia<\/p>\n\n\n\n<p><\/p>\n","protected":false},"excerpt":{"rendered":"<p>Amanda Saldivia.- En el mes de octubre el repunte de afecciones respiratorias, asociadas al covid-19 en el municipio Monagas, Gu\u00e1rico, registr\u00f3 la cifra de decesos m\u00e1s alta desde que comenz\u00f3 la pandemia, con un total de 28 fallecidos. De acuerdo a los datos extraoficiales, la mayor\u00eda de los pacientes falleci\u00f3<\/p>\n","protected":false},"author":2,"featured_media":3264,"comment_status":"open","ping_status":"open","sticky":false,"template":"","format":"standard","meta":{"advanced_seo_description":"","jetpack_seo_html_title":"","jetpack_seo_noindex":false,"_jetpack_memberships_contains_paid_content":false,"footnotes":"","jetpack_publicize_message":"","jetpack_publicize_feature_enabled":true,"jetpack_social_post_already_shared":true,"jetpack_social_options":{"image_generator_settings":{"template":"highway","enabled":false},"version":2}},"categories":[195],"tags":[8,7,32],"class_list":["post-3721","post","type-post","status-publish","format-standard","has-post-thumbnail","hentry","category-covid-19","tag-altagraciadeorituco","tag-guarico","tag-webdealta",""],"jetpack_publicize_connections":[],"jetpack_featured_media_url":"https:\/\/webdealta.info\/wp-content\/uploads\/2021\/09\/webdealta-covid-y-dengue.png","jetpack_sharing_enabled":true,"jetpack_likes_enabled":true,"jetpack-related-posts":[],"jetpack_shortlink":"https:\/\/wp.me\/pcseDn-Y1","_links":{"self":[{"href":"https:\/\/webdealta.info\/index.php?rest_route=\/wp\/v2\/posts\/3721","targetHints":{"allow":["GET"]}}],"collection":[{"href":"https:\/\/webdealta.info\/index.php?rest_route=\/wp\/v2\/posts"}],"about":[{"href":"https:\/\/webdealta.info\/index.php?rest_route=\/wp\/v2\/types\/post"}],"author":[{"embeddable":true,"href":"https:\/\/webdealta.info\/index.php?rest_route=\/wp\/v2\/users\/2"}],"replies":[{"embeddable":true,"href":"https:\/\/webdealta.info\/index.php?rest_route=%2Fwp%2Fv2%2Fcomments&post=3721"}],"version-history":[{"count":1,"href":"https:\/\/webdealta.info\/index.php?rest_route=\/wp\/v2\/posts\/3721\/revisions"}],"predecessor-version":[{"id":3722,"href":"https:\/\/webdealta.info\/index.php?rest_route=\/wp\/v2\/posts\/3721\/revisions\/3722"}],"wp:featuredmedia":[{"embeddable":true,"href":"https:\/\/webdealta.info\/index.php?rest_route=\/wp\/v2\/media\/3264"}],"wp:attachment":[{"href":"https:\/\/webdealta.info\/index.php?rest_route=%2Fwp%2Fv2%2Fmedia&parent=3721"}],"wp:term":[{"taxonomy":"category","embeddable":true,"href":"https:\/\/webdealta.info\/index.php?rest_route=%2Fwp%2Fv2%2Fcategories&post=3721"},{"taxonomy":"post_tag","embeddable":true,"href":"https:\/\/webdealta.info\/index.php?rest_route=%2Fwp%2Fv2%2Ftags&post=3721"}],"curies":[{"name":"wp","href":"https:\/\/api.w.org\/{rel}","templated":true}]}}