{"id":3711,"date":"2021-11-02T17:34:31","date_gmt":"2021-11-02T21:34:31","guid":{"rendered":"https:\/\/webdealta.info\/?p=3711"},"modified":"2021-11-02T17:38:41","modified_gmt":"2021-11-02T21:38:41","slug":"con-misa-y-el-cementerio-recuperado-recuerdan-a-los-fieles-difuntos","status":"publish","type":"post","link":"https:\/\/webdealta.info\/?p=3711","title":{"rendered":"Con misa y el cementerio recuperado recuerdan a los Fieles Difuntos"},"content":{"rendered":"\n<p>Amanda Saldivia.-<\/p>\n\n\n\n<p>Para el gremio de comerciantes del municipio Monagas y colaboradores queda la satisfacci\u00f3n de haber conmemorado el D\u00eda de los Fieles Difuntos con el cementerio municipal recuperado, luego de una jornada de mantenimiento de 27 d\u00edas, la cual incluy\u00f3 el retiro de al menos 300 toneladas de desechos s\u00f3lidos, entre ellos maleza y escombros, actividad coordinada por Pablo Rojas, presidente de la C\u00e1mara de Comercio, que cont\u00f3 con el apoyo de productores, agremiados, vecinos y lo que ellos han llamado aliados para las buenas causas.<\/p>\n\n\n\n<figure class=\"wp-block-image size-large\"><img loading=\"lazy\" decoding=\"async\" width=\"1024\" height=\"546\" src=\"https:\/\/webdealta.info\/wp-content\/uploads\/2021\/11\/webdealta-cementerio-2-1024x546.jpeg\" alt=\"\" class=\"wp-image-3713\" srcset=\"https:\/\/webdealta.info\/wp-content\/uploads\/2021\/11\/webdealta-cementerio-2.jpeg 1024w, https:\/\/webdealta.info\/wp-content\/uploads\/2021\/11\/webdealta-cementerio-2.jpeg 300w, https:\/\/webdealta.info\/wp-content\/uploads\/2021\/11\/webdealta-cementerio-2.jpeg 768w, https:\/\/webdealta.info\/wp-content\/uploads\/2021\/11\/webdealta-cementerio-2.jpeg 1170w, https:\/\/webdealta.info\/wp-content\/uploads\/2021\/11\/webdealta-cementerio-2.jpeg 1500w, https:\/\/webdealta.info\/wp-content\/uploads\/2021\/11\/webdealta-cementerio-2.jpeg 1280w\" sizes=\"auto, (max-width: 640px) 100vw, 640px\" \/><\/figure>\n\n\n\n<p>Por a\u00f1os, no se hab\u00eda conmemorado el 2 de noviembre de esta manera en Altagracia de Orituco, raz\u00f3n por la cual se sinti\u00f3 un fervor especial en la Santa Misa oficiada por el padre Luis M\u00e1rquez, p\u00e1rroco de San Jos\u00e9 Obrero, quien en la homil\u00eda destac\u00f3 la importancia de honrar la memoria de quienes ya no est\u00e1n, con la frase \u201csolo se muere quien se olvida\u201d, adem\u00e1s mencion\u00f3 que aunque hay una partida de este mundo f\u00edsico, est\u00e1n los restos de los seres queridos sepultados, raz\u00f3n suficiente para considerar esa \u00e1rea un verdadero camposanto.<\/p>\n\n\n\n<p>Esa referencia la hizo el padre M\u00e1rquez, al ratificar lo que ya hab\u00eda expresado Pablo Rojas, presidente de la C\u00e1mara de Comercio, antes de iniciar la Santa Misa, en el sentido de que lo importante no es el \u00e9xito de la jornada, sino que perdure limpio el cementerio, lo que ser\u00e1 posible gracias a la disposici\u00f3n de los ciudadanos.<\/p>\n\n\n\n<p>Por su parte, Pablo Rojas, agradeci\u00f3 a todos los colaboradores, a los 33 obreros, al personal de la C\u00e1mara de Comercio y mencion\u00f3 particularmente que la jornada emprendida hace 27 d\u00edas deja un valor agregado, que los comerciantes se sumaron a la iniciativa sin hacerles el llamado.<\/p>\n\n\n\n<figure class=\"wp-block-image size-large\"><img loading=\"lazy\" decoding=\"async\" width=\"1024\" height=\"546\" src=\"https:\/\/webdealta.info\/wp-content\/uploads\/2021\/11\/webdealta-cementerio-3-1024x546.jpeg\" alt=\"\" class=\"wp-image-3714\" srcset=\"https:\/\/webdealta.info\/wp-content\/uploads\/2021\/11\/webdealta-cementerio-3.jpeg 1024w, https:\/\/webdealta.info\/wp-content\/uploads\/2021\/11\/webdealta-cementerio-3.jpeg 300w, https:\/\/webdealta.info\/wp-content\/uploads\/2021\/11\/webdealta-cementerio-3.jpeg 768w, https:\/\/webdealta.info\/wp-content\/uploads\/2021\/11\/webdealta-cementerio-3.jpeg 1170w, https:\/\/webdealta.info\/wp-content\/uploads\/2021\/11\/webdealta-cementerio-3.jpeg 1500w, https:\/\/webdealta.info\/wp-content\/uploads\/2021\/11\/webdealta-cementerio-3.jpeg 1280w\" sizes=\"auto, (max-width: 640px) 100vw, 640px\" \/><\/figure>\n","protected":false},"excerpt":{"rendered":"<p>Amanda Saldivia.- Para el gremio de comerciantes del municipio Monagas y colaboradores queda la satisfacci\u00f3n de haber conmemorado el D\u00eda de los Fieles Difuntos con el cementerio municipal recuperado, luego de una jornada de mantenimiento de 27 d\u00edas, la cual incluy\u00f3 el retiro de al menos 300 toneladas de desechos<\/p>\n","protected":false},"author":2,"featured_media":3712,"comment_status":"open","ping_status":"open","sticky":false,"template":"","format":"standard","meta":{"advanced_seo_description":"","jetpack_seo_html_title":"","jetpack_seo_noindex":false,"_jetpack_memberships_contains_paid_content":false,"footnotes":"","jetpack_publicize_message":"","jetpack_publicize_feature_enabled":true,"jetpack_social_post_already_shared":true,"jetpack_social_options":{"image_generator_settings":{"template":"highway","enabled":false},"version":2}},"categories":[287],"tags":[8,7,32],"class_list":["post-3711","post","type-post","status-publish","format-standard","has-post-thumbnail","hentry","category-en-memoria","tag-altagraciadeorituco","tag-guarico","tag-webdealta",""],"jetpack_publicize_connections":[],"jetpack_featured_media_url":"https:\/\/webdealta.info\/wp-content\/uploads\/2021\/11\/webdealta-cementerio-4.png","jetpack_sharing_enabled":true,"jetpack_likes_enabled":true,"jetpack-related-posts":[],"jetpack_shortlink":"https:\/\/wp.me\/pcseDn-XR","_links":{"self":[{"href":"https:\/\/webdealta.info\/index.php?rest_route=\/wp\/v2\/posts\/3711","targetHints":{"allow":["GET"]}}],"collection":[{"href":"https:\/\/webdealta.info\/index.php?rest_route=\/wp\/v2\/posts"}],"about":[{"href":"https:\/\/webdealta.info\/index.php?rest_route=\/wp\/v2\/types\/post"}],"author":[{"embeddable":true,"href":"https:\/\/webdealta.info\/index.php?rest_route=\/wp\/v2\/users\/2"}],"replies":[{"embeddable":true,"href":"https:\/\/webdealta.info\/index.php?rest_route=%2Fwp%2Fv2%2Fcomments&post=3711"}],"version-history":[{"count":2,"href":"https:\/\/webdealta.info\/index.php?rest_route=\/wp\/v2\/posts\/3711\/revisions"}],"predecessor-version":[{"id":3716,"href":"https:\/\/webdealta.info\/index.php?rest_route=\/wp\/v2\/posts\/3711\/revisions\/3716"}],"wp:featuredmedia":[{"embeddable":true,"href":"https:\/\/webdealta.info\/index.php?rest_route=\/wp\/v2\/media\/3712"}],"wp:attachment":[{"href":"https:\/\/webdealta.info\/index.php?rest_route=%2Fwp%2Fv2%2Fmedia&parent=3711"}],"wp:term":[{"taxonomy":"category","embeddable":true,"href":"https:\/\/webdealta.info\/index.php?rest_route=%2Fwp%2Fv2%2Fcategories&post=3711"},{"taxonomy":"post_tag","embeddable":true,"href":"https:\/\/webdealta.info\/index.php?rest_route=%2Fwp%2Fv2%2Ftags&post=3711"}],"curies":[{"name":"wp","href":"https:\/\/api.w.org\/{rel}","templated":true}]}}