{"id":3701,"date":"2021-11-01T23:15:14","date_gmt":"2021-11-02T03:15:14","guid":{"rendered":"https:\/\/webdealta.info\/?p=3701"},"modified":"2021-11-01T23:15:16","modified_gmt":"2021-11-02T03:15:16","slug":"renovadas-vocerias-del-consejo-comunal-de-la-union","status":"publish","type":"post","link":"https:\/\/webdealta.info\/?p=3701","title":{"rendered":"Renovadas vocer\u00edas del Consejo Comunal de La Uni\u00f3n"},"content":{"rendered":"\n<p>Amanda Saldivia.-<\/p>\n\n\n\n<p>Con la renovaci\u00f3n de las vocer\u00edas de los comit\u00e9s que conforman el Consejo Comunal La Uni\u00f3n, se inicia una nueva etapa en la cual trabajar\u00e1n en pro de mejorar la calidad de vida de los habitantes de ese sector de Altagracia de Orituco, Gu\u00e1rico. &nbsp;<\/p>\n\n\n\n<p>El proceso de elecciones se realiz\u00f3 este domingo 31 de octubre y de acuerdo a la informaci\u00f3n aportada por Argenis Reyes, quien result\u00f3 electo como miembro de la Unidad Contralora, el proceso se realiz\u00f3 en armon\u00eda, \u201cquedaron electas personas comprometidas de todos los colores y sin discriminaci\u00f3n para trabajar, nuevas caras para progreso de La Uni\u00f3n.<\/p>\n\n\n\n<p>Al dar a conocer los resultados, al equipo de la Web de Altagracia este lunes primero de noviembre, Argenis Reyes resalt\u00f3 \u201cque hay un buen equipo que se ha conformado en la comunidad, todos ganadores el d\u00eda de ayer, que empezaremos a trabajar desde lo local para la transformaci\u00f3n que necesita el sector\u201d.<\/p>\n\n\n\n<p>Igualmente, comparti\u00f3 el resultado oficial, en el cual destaca el nombre del vocero y los votos obtenidos:<\/p>\n\n\n\n<p><strong>Unidad de Contralor\u00eda:<\/strong><\/p>\n\n\n\n<p>Eddy Bandres 149<\/p>\n\n\n\n<p>Daisy D\u00edaz 104<\/p>\n\n\n\n<p>Alejandra Salazar 101<\/p>\n\n\n\n<p>Eudis Suares 100<\/p>\n\n\n\n<p>Argenis Reyes 95<\/p>\n\n\n\n<p>Carlos Mendoza 68<\/p>\n\n\n\n<p>Irene Ram\u00edrez 44<\/p>\n\n\n\n<p>Liseidy Rever\u00f3n 24<\/p>\n\n\n\n<p><strong>Administraci\u00f3n y Finanzas<\/strong><\/p>\n\n\n\n<p>Adelaida Baron 143<\/p>\n\n\n\n<p>Yesenia Alvarado 138<\/p>\n\n\n\n<p>Yesika Palma 107<\/p>\n\n\n\n<p>Deisys Barrios 102<\/p>\n\n\n\n<p>Franchelis Cortez 84<\/p>\n\n\n\n<p>Odalis Mu\u00f1oz 82<\/p>\n\n\n\n<p>Alexis Amariscua 66<\/p>\n\n\n\n<p>Mauris Vielma 30<\/p>\n\n\n\n<p><strong>Comit\u00e9 Educaci\u00f3n y cultura<\/strong><\/p>\n\n\n\n<p>Carmen Mujica 142<\/p>\n\n\n\n<p>Gabriela Rebolledo 22<\/p>\n\n\n\n<p><strong>Comit\u00e9 Deportes recreaci\u00f3n y turismo<\/strong><\/p>\n\n\n\n<p>Katherine Ynfante 71<\/p>\n\n\n\n<p>Jos\u00e9 Silva 65<\/p>\n\n\n\n<p>G\u00e9nesis Rebolledo 16<\/p>\n\n\n\n<p>Antoni Messia 13<\/p>\n\n\n\n<p>Cristian Ascanio 7<\/p>\n\n\n\n<p><strong>Comit\u00e9 Servicios p\u00fablicos<\/strong><\/p>\n\n\n\n<p>Edgar Angulo 77<\/p>\n\n\n\n<p>Mar\u00eda Velasco 63<\/p>\n\n\n\n<p>Pedro Ortu\u00f1o 26<\/p>\n\n\n\n<p>Eliana Mar\u00edn 5<\/p>\n\n\n\n<p><strong>Comit\u00e9 Vivienda, infraestructura y tierras<\/strong><\/p>\n\n\n\n<p>Yumiri Beroes 63<\/p>\n\n\n\n<p>Sonia Mendoza 57<\/p>\n\n\n\n<p>Yramsuy Mata 35<\/p>\n\n\n\n<p>Martin Managua 17<\/p>\n\n\n\n<p>Iris Amaro 2<\/p>\n\n\n\n<p><strong>Comit\u00e9 Seguridad y defensa integral<\/strong><\/p>\n\n\n\n<p>Eusebio Ter\u00e1n 142<\/p>\n\n\n\n<p>Francis Rodr\u00edguez 31<\/p>\n\n\n\n<p><strong>Comit\u00e9 Protecci\u00f3n Social<\/strong><\/p>\n\n\n\n<p>Jhonny Reyes 106<\/p>\n\n\n\n<p>Mickelys Torrealba 35<\/p>\n\n\n\n<p>Aigle Osorio 30<\/p>\n\n\n\n<p><strong>Comit\u00e9 Econom\u00eda comunal<\/strong><\/p>\n\n\n\n<p>Carmen Tomas 89<\/p>\n\n\n\n<p>Elida \u00c1lvarez 80<\/p>\n\n\n\n<p>Henrri Laya 3<\/p>\n\n\n\n<p>Juan M\u00e1rquez 2<\/p>\n\n\n\n<p><strong>Comit\u00e9 de Alimentaci\u00f3n y defensa al consumidor<\/strong><\/p>\n\n\n\n<p>Dayana Ram\u00edrez 99<\/p>\n\n\n\n<p>Jos\u00e9 Pi\u00f1ate 67<\/p>\n\n\n\n<p>Ligia Escalante 6<\/p>\n\n\n\n<p>Yulienmy Correa 2<\/p>\n\n\n\n<p><strong>Comit\u00e9 Salud y personas con discapacidad<\/strong><\/p>\n\n\n\n<p>Mar\u00eda Tesara 90<\/p>\n\n\n\n<p>Mar\u00eda Arias 78<\/p>\n\n\n\n<p><strong>Comit\u00e9 Medios alternativos y telecomunicaciones<\/strong><\/p>\n\n\n\n<p>B\u00e1rbara Infante 124<\/p>\n\n\n\n<p>Ariagna Ascanio 39<\/p>\n\n\n\n<p>@amandasaldivia    <\/p>\n\n\n\n<p><\/p>\n","protected":false},"excerpt":{"rendered":"<p>Amanda Saldivia.- Con la renovaci\u00f3n de las vocer\u00edas de los comit\u00e9s que conforman el Consejo Comunal La Uni\u00f3n, se inicia una nueva etapa en la cual trabajar\u00e1n en pro de mejorar la calidad de vida de los habitantes de ese sector de Altagracia de Orituco, Gu\u00e1rico. &nbsp; El proceso de<\/p>\n","protected":false},"author":2,"featured_media":3702,"comment_status":"open","ping_status":"open","sticky":false,"template":"","format":"standard","meta":{"advanced_seo_description":"","jetpack_seo_html_title":"","jetpack_seo_noindex":false,"_jetpack_memberships_contains_paid_content":false,"footnotes":"","jetpack_publicize_message":"","jetpack_publicize_feature_enabled":true,"jetpack_social_post_already_shared":true,"jetpack_social_options":{"image_generator_settings":{"template":"highway","enabled":false},"version":2}},"categories":[89],"tags":[8,7,32],"class_list":["post-3701","post","type-post","status-publish","format-standard","has-post-thumbnail","hentry","category-comunidad","tag-altagraciadeorituco","tag-guarico","tag-webdealta",""],"jetpack_publicize_connections":[],"jetpack_featured_media_url":"https:\/\/webdealta.info\/wp-content\/uploads\/2021\/11\/webdealta-la-union.jpeg","jetpack_sharing_enabled":true,"jetpack_likes_enabled":true,"jetpack-related-posts":[],"jetpack_shortlink":"https:\/\/wp.me\/pcseDn-XH","_links":{"self":[{"href":"https:\/\/webdealta.info\/index.php?rest_route=\/wp\/v2\/posts\/3701","targetHints":{"allow":["GET"]}}],"collection":[{"href":"https:\/\/webdealta.info\/index.php?rest_route=\/wp\/v2\/posts"}],"about":[{"href":"https:\/\/webdealta.info\/index.php?rest_route=\/wp\/v2\/types\/post"}],"author":[{"embeddable":true,"href":"https:\/\/webdealta.info\/index.php?rest_route=\/wp\/v2\/users\/2"}],"replies":[{"embeddable":true,"href":"https:\/\/webdealta.info\/index.php?rest_route=%2Fwp%2Fv2%2Fcomments&post=3701"}],"version-history":[{"count":1,"href":"https:\/\/webdealta.info\/index.php?rest_route=\/wp\/v2\/posts\/3701\/revisions"}],"predecessor-version":[{"id":3703,"href":"https:\/\/webdealta.info\/index.php?rest_route=\/wp\/v2\/posts\/3701\/revisions\/3703"}],"wp:featuredmedia":[{"embeddable":true,"href":"https:\/\/webdealta.info\/index.php?rest_route=\/wp\/v2\/media\/3702"}],"wp:attachment":[{"href":"https:\/\/webdealta.info\/index.php?rest_route=%2Fwp%2Fv2%2Fmedia&parent=3701"}],"wp:term":[{"taxonomy":"category","embeddable":true,"href":"https:\/\/webdealta.info\/index.php?rest_route=%2Fwp%2Fv2%2Fcategories&post=3701"},{"taxonomy":"post_tag","embeddable":true,"href":"https:\/\/webdealta.info\/index.php?rest_route=%2Fwp%2Fv2%2Ftags&post=3701"}],"curies":[{"name":"wp","href":"https:\/\/api.w.org\/{rel}","templated":true}]}}