{"id":3688,"date":"2021-10-30T07:57:06","date_gmt":"2021-10-30T11:57:06","guid":{"rendered":"https:\/\/webdealta.info\/?p=3688"},"modified":"2021-10-30T07:57:08","modified_gmt":"2021-10-30T11:57:08","slug":"forjadores-de-progreso-erasmo-padilla","status":"publish","type":"post","link":"https:\/\/webdealta.info\/?p=3688","title":{"rendered":"Forjadores de Progreso: Erasmo Padilla"},"content":{"rendered":"\n<p>Amanda Saldivia.-<\/p>\n\n\n\n<p>La novena entrega de Forjadores de Progreso, iniciativa de la empresa Promasorca como parte de la celebraci\u00f3n del 25 aniversario, est\u00e1 dedicada a conocer aspectos resaltantes del se\u00f1or Erasmo Padilla, quien naci\u00f3 en Valle de la Pascua el 2 de junio de 1931 y se instal\u00f3 en Altagracia de Orituco el 21 de abril de 1955, para llevar adelante una carrera profesional como Contador T\u00e9cnico durante 70 a\u00f1os, adem\u00e1s de haber sido testigo de hechos importantes y promotor de acciones que engrandecieron a esta regi\u00f3n guarique\u00f1a.<\/p>\n\n\n\n<p>En la calle Juli\u00e1n Infante de Altagracia vive el se\u00f1or Erasmo Padilla. A sus 90 a\u00f1os de edad reci\u00e9n cumplidos, dice que se siente m\u00e1s gracitano que vallepascuense. Lleg\u00f3 a Altagracia para administrar una tienda y aqu\u00ed se destac\u00f3 en distintos \u00e1mbitos del \u00e1rea comercial, gremial y en el campo de la pol\u00edtica como independiente.<\/p>\n\n\n\n<p>Al caer la dictadura de Marcos P\u00e9rez Jim\u00e9nez, el se\u00f1or Padilla fue designado Secretario del Concejo Municipal. En ese rol le correspondi\u00f3 redactar el acuerdo de la C\u00e1mara Edilicia como parte del recibimiento del presidente R\u00f3mulo Betancourt, con motivo de la inauguraci\u00f3n del embalse Guanapito en febrero de 1963. Le toc\u00f3 adem\u00e1s leer ese acuerdo y acompa\u00f1ar a la comitiva presidencial.<\/p>\n\n\n\n<p>Tambi\u00e9n se destac\u00f3 como locutor de Radio Orituco. Gracias a su potente voz fue animado por el se\u00f1or Mois\u00e9s Mor\u00f3n y present\u00f3 el examen que lo certific\u00f3 el 30 de noviembre de 1965 con el n\u00famero 3.969.\u00a0 Esto le permiti\u00f3 grabar cu\u00f1as y conducir el espacio M\u00fasica y algo m\u00e1s, que mantuvo entre 1970 y 1972.<\/p>\n\n\n\n<p>Para esa fecha, tambi\u00e9n el se\u00f1or Erasmo Padilla, estaba al frente de comercial Mollado, firma que llevaba la contabilidad de comercios. En ese lugar se gest\u00f3 el nacimiento de otra instituci\u00f3n importante para la regi\u00f3n del Orituco: la C\u00e1mara de Comercio del Municipio Monagas, la cual finalmente se concret\u00f3 el 2 de marzo de 1973, por iniciativa del ingeniero Luis Segundo Romero.<\/p>\n\n\n\n<p>La carrera pol\u00edtica del se\u00f1or Erasmo Padilla, como independiente, lo llev\u00f3 nuevamente al Concejo Municipal en dos per\u00edodos, uno con el cargo de vicepresidente y otro como presidente de esa instituci\u00f3n en el lapso 1976-1978, con la fortuna de ser parte de los organizadores de la celebraci\u00f3n de los Trescientos A\u00f1os de Altagracia, fiesta que todav\u00eda est\u00e1 en el recuerdo de muchos pobladores de esta tierra.<\/p>\n\n\n\n<p>En ese per\u00edodo, tambi\u00e9n se construy\u00f3 el tramo de la avenida Ilustres Pr\u00f3ceres en el sector Saladillo, se tramit\u00f3 la aducci\u00f3n de agua potable para San Rafael y Lezama, y se emiti\u00f3 el decreto donde se designaba el lote de terreno para la zona industrial, entre otras gestiones.<\/p>\n\n\n\n<p>En la d\u00e9cada de los 80, el se\u00f1or Erasmo Padilla fue parte de proyectos en engrandecieron a esta regi\u00f3n, entre ellos ser miembro de la Junta Pro-repetidora de Televisi\u00f3n, vicepresidente de la Uni\u00f3n de Amigos para los Estudios Superiores del Orituco UNAESO que logr\u00f3 la extensi\u00f3n del IUT de los Llanos, impuls\u00f3 la actividad cultural como presidente de la Fundaci\u00f3n Dr. Pedro Mar\u00eda Ar\u00e9valo, estuvo al frente de la C\u00e1mara de Comercio en un per\u00edodo, crea la escuela de Contabilidad y Mecanograf\u00eda, se dedic\u00f3 a la construcci\u00f3n y lleg\u00f3 a comercializar 15 viviendas.<\/p>\n\n\n\n<p>Porque se destac\u00f3 como concejal, porque fue promotor del crecimiento institucional de la regi\u00f3n del Orituco, porque se distingui\u00f3 como locutor e impuls\u00f3 la actividad cultural en la Fundaci\u00f3n Dr. Pedro Mar\u00eda Ar\u00e9valo, porque fue clave para lograr la extensi\u00f3n del IUT de los Llanos, porque no vio obst\u00e1culos e incursion\u00f3 como constructor de viviendas, porque a sus 90 a\u00f1os sigue disfrutando del aprecio de quienes reconocen el aporte que hizo por esta regi\u00f3n guarique\u00f1a, el se\u00f1or Erasmo Padilla forma parte de Forjadores de Progreso.<\/p>\n\n\n\n<p>@amandasaldivia <\/p>\n\n\n\n<p><\/p>\n","protected":false},"excerpt":{"rendered":"<p>Amanda Saldivia.- La novena entrega de Forjadores de Progreso, iniciativa de la empresa Promasorca como parte de la celebraci\u00f3n del 25 aniversario, est\u00e1 dedicada a conocer aspectos resaltantes del se\u00f1or Erasmo Padilla, quien naci\u00f3 en Valle de la Pascua el 2 de junio de 1931 y se instal\u00f3 en Altagracia<\/p>\n","protected":false},"author":2,"featured_media":3689,"comment_status":"open","ping_status":"open","sticky":false,"template":"","format":"standard","meta":{"advanced_seo_description":"","jetpack_seo_html_title":"","jetpack_seo_noindex":false,"_jetpack_memberships_contains_paid_content":false,"footnotes":"","jetpack_publicize_message":"","jetpack_publicize_feature_enabled":true,"jetpack_social_post_already_shared":true,"jetpack_social_options":{"image_generator_settings":{"template":"highway","enabled":false},"version":2}},"categories":[156],"tags":[8,7,32],"class_list":["post-3688","post","type-post","status-publish","format-standard","has-post-thumbnail","hentry","category-publirreportaje","tag-altagraciadeorituco","tag-guarico","tag-webdealta",""],"jetpack_publicize_connections":[],"jetpack_featured_media_url":"https:\/\/webdealta.info\/wp-content\/uploads\/2021\/10\/forjadores-erasmo-padilla-webdealta.png","jetpack_sharing_enabled":true,"jetpack_likes_enabled":true,"jetpack-related-posts":[],"jetpack_shortlink":"https:\/\/wp.me\/pcseDn-Xu","_links":{"self":[{"href":"https:\/\/webdealta.info\/index.php?rest_route=\/wp\/v2\/posts\/3688","targetHints":{"allow":["GET"]}}],"collection":[{"href":"https:\/\/webdealta.info\/index.php?rest_route=\/wp\/v2\/posts"}],"about":[{"href":"https:\/\/webdealta.info\/index.php?rest_route=\/wp\/v2\/types\/post"}],"author":[{"embeddable":true,"href":"https:\/\/webdealta.info\/index.php?rest_route=\/wp\/v2\/users\/2"}],"replies":[{"embeddable":true,"href":"https:\/\/webdealta.info\/index.php?rest_route=%2Fwp%2Fv2%2Fcomments&post=3688"}],"version-history":[{"count":1,"href":"https:\/\/webdealta.info\/index.php?rest_route=\/wp\/v2\/posts\/3688\/revisions"}],"predecessor-version":[{"id":3690,"href":"https:\/\/webdealta.info\/index.php?rest_route=\/wp\/v2\/posts\/3688\/revisions\/3690"}],"wp:featuredmedia":[{"embeddable":true,"href":"https:\/\/webdealta.info\/index.php?rest_route=\/wp\/v2\/media\/3689"}],"wp:attachment":[{"href":"https:\/\/webdealta.info\/index.php?rest_route=%2Fwp%2Fv2%2Fmedia&parent=3688"}],"wp:term":[{"taxonomy":"category","embeddable":true,"href":"https:\/\/webdealta.info\/index.php?rest_route=%2Fwp%2Fv2%2Fcategories&post=3688"},{"taxonomy":"post_tag","embeddable":true,"href":"https:\/\/webdealta.info\/index.php?rest_route=%2Fwp%2Fv2%2Ftags&post=3688"}],"curies":[{"name":"wp","href":"https:\/\/api.w.org\/{rel}","templated":true}]}}