{"id":3678,"date":"2021-10-28T22:32:58","date_gmt":"2021-10-29T02:32:58","guid":{"rendered":"https:\/\/webdealta.info\/?p=3678"},"modified":"2021-10-28T22:36:15","modified_gmt":"2021-10-29T02:36:15","slug":"fedeagro-aumento-de-diesel-dispararia-el-mercado-negro","status":"publish","type":"post","link":"https:\/\/webdealta.info\/?p=3678","title":{"rendered":"Fedeagro: aumento de di\u00e9sel disparar\u00eda el \u201cmercado negro\u201d"},"content":{"rendered":"\n<p>Amanda Saldivia.-<\/p>\n\n\n\n<p>Aunque dej\u00f3 claro que no hay notificaci\u00f3n oficial sobre el aumento del di\u00e9sel, Celso Fantinel, presidente de Fedeagro, se\u00f1al\u00f3 que recibe reportes del cobro a 0,50 centavos de d\u00f3lar en algunas estaciones de servicio del pa\u00eds, lo que impactar\u00eda el \u201cmercado negro\u201d de este tipo de combustible, el cual producto de la escasez ya se comercializa hasta en $0,80 el litro.<\/p>\n\n\n\n<p>Al ser consultado por la Web de Altagracia, dijo que esa posibilidad de aumento no la toman \u201ccomo una buena noticia, porque si bien somos muy responsables como empresariado privado, productores, gremios, asociaciones, en el sentido de que todos debemos tener rentabilidad y PDVSA la debe tener, como vamos a aumentar el di\u00e9sel teniendo una escasez tan terrible, en la zona occidental a veces alcanza el 70 por ciento\u201d.<\/p>\n\n\n\n<p>Celso Fantinel argument\u00f3, que en el actual \u201cpico de cosecha\u201d los productores ya estaban pagando di\u00e9sel en 0,80 centavos de d\u00f3lar en el \u201cmercado negro\u201d, situaci\u00f3n que proyecta el impacto que podr\u00eda tener el aumento oficial de este tipo de combustible, el cual podr\u00eda llegar entre un d\u00f3lar o $1,5 el litro.<\/p>\n\n\n\n<p>Al referirse a la cadena del sector agr\u00edcola, record\u00f3 que el di\u00e9sel \u201cse utiliza para la industrial, para el transporte, para los silos donde se hace el acondicionamiento de los cereales, para autogeneraci\u00f3n el\u00e9ctrica\u201d y actualmente el avance de la cosecha est\u00e1 en un 50\u00a0 por ciento en el occidente del pa\u00eds, mientras en el oriente es de apenas 15 por ciento.<\/p>\n\n\n\n<p>Por tal motivo, expres\u00f3 que si es necesario un ajuste en el precio del di\u00e9sel deber\u00eda realizarse en enero de 2022 y mejorar la producci\u00f3n para que se haga en condiciones en las cuales no haya escasez.<br><br>@amandasaldivia    <br><\/p>\n","protected":false},"excerpt":{"rendered":"<p>Amanda Saldivia.- Aunque dej\u00f3 claro que no hay notificaci\u00f3n oficial sobre el aumento del di\u00e9sel, Celso Fantinel, presidente de Fedeagro, se\u00f1al\u00f3 que recibe reportes del cobro a 0,50 centavos de d\u00f3lar en algunas estaciones de servicio del pa\u00eds, lo que impactar\u00eda el \u201cmercado negro\u201d de este tipo de combustible, el<\/p>\n","protected":false},"author":2,"featured_media":3679,"comment_status":"open","ping_status":"open","sticky":false,"template":"","format":"standard","meta":{"advanced_seo_description":"","jetpack_seo_html_title":"","jetpack_seo_noindex":false,"_jetpack_memberships_contains_paid_content":false,"footnotes":"","jetpack_publicize_message":"","jetpack_publicize_feature_enabled":true,"jetpack_social_post_already_shared":true,"jetpack_social_options":{"image_generator_settings":{"template":"highway","enabled":false},"version":2}},"categories":[19],"tags":[8,229,7,32],"class_list":["post-3678","post","type-post","status-publish","format-standard","has-post-thumbnail","hentry","category-agro","tag-altagraciadeorituco","tag-fedeagro","tag-guarico","tag-webdealta",""],"jetpack_publicize_connections":[],"jetpack_featured_media_url":"https:\/\/webdealta.info\/wp-content\/uploads\/2021\/10\/Celso-Fantinel-webdealta-fedeagro.png","jetpack_sharing_enabled":true,"jetpack_likes_enabled":true,"jetpack-related-posts":[],"jetpack_shortlink":"https:\/\/wp.me\/pcseDn-Xk","_links":{"self":[{"href":"https:\/\/webdealta.info\/index.php?rest_route=\/wp\/v2\/posts\/3678","targetHints":{"allow":["GET"]}}],"collection":[{"href":"https:\/\/webdealta.info\/index.php?rest_route=\/wp\/v2\/posts"}],"about":[{"href":"https:\/\/webdealta.info\/index.php?rest_route=\/wp\/v2\/types\/post"}],"author":[{"embeddable":true,"href":"https:\/\/webdealta.info\/index.php?rest_route=\/wp\/v2\/users\/2"}],"replies":[{"embeddable":true,"href":"https:\/\/webdealta.info\/index.php?rest_route=%2Fwp%2Fv2%2Fcomments&post=3678"}],"version-history":[{"count":2,"href":"https:\/\/webdealta.info\/index.php?rest_route=\/wp\/v2\/posts\/3678\/revisions"}],"predecessor-version":[{"id":3681,"href":"https:\/\/webdealta.info\/index.php?rest_route=\/wp\/v2\/posts\/3678\/revisions\/3681"}],"wp:featuredmedia":[{"embeddable":true,"href":"https:\/\/webdealta.info\/index.php?rest_route=\/wp\/v2\/media\/3679"}],"wp:attachment":[{"href":"https:\/\/webdealta.info\/index.php?rest_route=%2Fwp%2Fv2%2Fmedia&parent=3678"}],"wp:term":[{"taxonomy":"category","embeddable":true,"href":"https:\/\/webdealta.info\/index.php?rest_route=%2Fwp%2Fv2%2Fcategories&post=3678"},{"taxonomy":"post_tag","embeddable":true,"href":"https:\/\/webdealta.info\/index.php?rest_route=%2Fwp%2Fv2%2Ftags&post=3678"}],"curies":[{"name":"wp","href":"https:\/\/api.w.org\/{rel}","templated":true}]}}