{"id":3648,"date":"2021-10-25T22:22:51","date_gmt":"2021-10-26T02:22:51","guid":{"rendered":"https:\/\/webdealta.info\/?p=3648"},"modified":"2021-10-25T22:22:52","modified_gmt":"2021-10-26T02:22:52","slug":"red-educativa-el-40-atendio-el-llamado-a-clases-presenciales","status":"publish","type":"post","link":"https:\/\/webdealta.info\/?p=3648","title":{"rendered":"Red educativa: el 40% atendi\u00f3 el llamado a clases presenciales"},"content":{"rendered":"\n<p>Amanda Saldivia.-<\/p>\n\n\n\n<p>El comienzo de clases presenciales en el municipio Monagas, Gu\u00e1rico, se dio en medio de visiones diferentes. Est\u00e1n los directivos de los gremios e incluso representantes, quienes consideran que no est\u00e1n dadas las condiciones debido al deterioro de la planta f\u00edsica de las escuelas, los bajos salarios del personal que depende del Ministerio de Educaci\u00f3n, lo precario de los servicios b\u00e1sicos y por ende la imposibilidad de garantizar las medidas de bioseguridad; lo que se contrapone a la visi\u00f3n gubernamental que hizo el llamado a reincorporaci\u00f3n a las aulas y logr\u00f3 al menos el 40 por ciento de asistencia de estudiantes en el primer d\u00eda de la jornada.<\/p>\n\n\n\n<p>Ese porcentaje fue el dado a conocer, en la tarde de este lunes 25 de octubre, por la Dra. Susana Sayegh, coordinadora de la Red Educativa Escolar del municipio Monagas, luego de efectuar el recorrido por algunos planteles de Altagracia de Orituco y recibir adem\u00e1s los datos aportados por los directivos de las 95 instituciones educativas de esta regi\u00f3n del estado Gu\u00e1rico. \u00a0<\/p>\n\n\n\n<p>Eso le permiti\u00f3 afirmar que \u201cel 90 por ciento de escuelas estuvieron abiertas, con la presencia del 85 por ciento del personal activo y un 40 por ciento de incorporaci\u00f3n de estudiantes para el d\u00eda de hoy\u201d, porcentaje que estima se incrementar\u00e1 en los pr\u00f3ximos d\u00edas.<\/p>\n\n\n\n<p>Igualmente, la Dra. Sayegh se\u00f1al\u00f3 que se \u201cinicio la jornada de vacunaci\u00f3n para los estudiantes mayores de 12 a\u00f1os en las instituciones de media general\u201d de todo el municipio y se hizo hincapi\u00e9 en el uso correcto del tapabocas, as\u00ed como tambi\u00e9n del resto de las medidas de bioseguridad que todos deben cumplir.<\/p>\n\n\n\n<p>Como mencionamos al comienzo de esta nota hay visiones diferentes. Una de ellas expresada este lunes por Eiclher Hern\u00e1ndez, Secretario Ejecutivo de Sinteg Gu\u00e1rico, sindicato afiliado a Fetraense\u00f1anza, quien al consultarlo dijo que \u00abmuy pocas escuelas est\u00e1n laborando, la asistencia fue m\u00ednima, la actividad de hoy fue pr\u00e1cticamente informativa y como lo expres\u00e9 semanas atr\u00e1s las escuelas est\u00e1n sucias, con mucha maleza y solo asisti\u00f3 el 20 por ciento del personal\u00bb.<\/p>\n\n\n\n<p>@amandasaldivia<\/p>\n\n\n\n<p>Foto cortes\u00eda<\/p>\n\n\n\n<p><\/p>\n","protected":false},"excerpt":{"rendered":"<p>Amanda Saldivia.- El comienzo de clases presenciales en el municipio Monagas, Gu\u00e1rico, se dio en medio de visiones diferentes. Est\u00e1n los directivos de los gremios e incluso representantes, quienes consideran que no est\u00e1n dadas las condiciones debido al deterioro de la planta f\u00edsica de las escuelas, los bajos salarios del<\/p>\n","protected":false},"author":2,"featured_media":3649,"comment_status":"open","ping_status":"open","sticky":false,"template":"","format":"standard","meta":{"advanced_seo_description":"","jetpack_seo_html_title":"","jetpack_seo_noindex":false,"_jetpack_memberships_contains_paid_content":false,"footnotes":"","jetpack_publicize_message":"","jetpack_publicize_feature_enabled":true,"jetpack_social_post_already_shared":true,"jetpack_social_options":{"image_generator_settings":{"template":"highway","enabled":false},"version":2}},"categories":[151],"tags":[8,137,7,32],"class_list":["post-3648","post","type-post","status-publish","format-standard","has-post-thumbnail","hentry","category-educacion","tag-altagraciadeorituco","tag-covid-19","tag-guarico","tag-webdealta",""],"jetpack_publicize_connections":[],"jetpack_featured_media_url":"https:\/\/webdealta.info\/wp-content\/uploads\/2021\/10\/escuelas-webdealta.png","jetpack_sharing_enabled":true,"jetpack_likes_enabled":true,"jetpack-related-posts":[],"jetpack_shortlink":"https:\/\/wp.me\/pcseDn-WQ","_links":{"self":[{"href":"https:\/\/webdealta.info\/index.php?rest_route=\/wp\/v2\/posts\/3648","targetHints":{"allow":["GET"]}}],"collection":[{"href":"https:\/\/webdealta.info\/index.php?rest_route=\/wp\/v2\/posts"}],"about":[{"href":"https:\/\/webdealta.info\/index.php?rest_route=\/wp\/v2\/types\/post"}],"author":[{"embeddable":true,"href":"https:\/\/webdealta.info\/index.php?rest_route=\/wp\/v2\/users\/2"}],"replies":[{"embeddable":true,"href":"https:\/\/webdealta.info\/index.php?rest_route=%2Fwp%2Fv2%2Fcomments&post=3648"}],"version-history":[{"count":1,"href":"https:\/\/webdealta.info\/index.php?rest_route=\/wp\/v2\/posts\/3648\/revisions"}],"predecessor-version":[{"id":3650,"href":"https:\/\/webdealta.info\/index.php?rest_route=\/wp\/v2\/posts\/3648\/revisions\/3650"}],"wp:featuredmedia":[{"embeddable":true,"href":"https:\/\/webdealta.info\/index.php?rest_route=\/wp\/v2\/media\/3649"}],"wp:attachment":[{"href":"https:\/\/webdealta.info\/index.php?rest_route=%2Fwp%2Fv2%2Fmedia&parent=3648"}],"wp:term":[{"taxonomy":"category","embeddable":true,"href":"https:\/\/webdealta.info\/index.php?rest_route=%2Fwp%2Fv2%2Fcategories&post=3648"},{"taxonomy":"post_tag","embeddable":true,"href":"https:\/\/webdealta.info\/index.php?rest_route=%2Fwp%2Fv2%2Ftags&post=3648"}],"curies":[{"name":"wp","href":"https:\/\/api.w.org\/{rel}","templated":true}]}}