{"id":3627,"date":"2021-10-23T10:08:09","date_gmt":"2021-10-23T14:08:09","guid":{"rendered":"https:\/\/webdealta.info\/?p=3627"},"modified":"2021-10-23T10:08:11","modified_gmt":"2021-10-23T14:08:11","slug":"forjadores-de-progreso-emilia-de-zanders","status":"publish","type":"post","link":"https:\/\/webdealta.info\/?p=3627","title":{"rendered":"Forjadores de Progreso: Emilia de Zanders"},"content":{"rendered":"\n<p>Amanda Saldivia.-<\/p>\n\n\n\n<p>La octava entrega de Forjadores de Progreso, iniciativa de la empresa Promasorca como parte de la celebraci\u00f3n del 25 aniversario, est\u00e1 dedicada a conocer aspectos resaltantes de la profesora Emilia de Zanders inmigrante austr\u00edaca que lleg\u00f3 a Altagracia de Orituco en el a\u00f1o 1956 y se integr\u00f3 a esta comunidad para dejarnos aportes significativos, entre ellos la m\u00fasica del himno de esta poblaci\u00f3n guarique\u00f1a.<\/p>\n\n\n\n<p>Como tantos inmigrantes europeos a la familia Zanders le toc\u00f3 el momento de decidir emigrar, luego de la segunda guerra mundial. Arminio Zanders era ingeniero civil, nacido en Riga, Letonia, y estaba casado con Emilia Wierer natural de Salzburgo, Austria, donde habitaban junto a su peque\u00f1o hijo Percy. Ambos dominaban seis idiomas. Emilia, estudi\u00f3 m\u00fasica en el Mozarteum, era pedagoga, directora de coros, ejecutaba la flauta, el viol\u00edn, hab\u00eda fundado y dirig\u00eda un grupo folkl\u00f3rico.<\/p>\n\n\n\n<p>Con toda esa experiencia y conocimiento abordaron el barco que los trajo a este pa\u00eds tropical. Llegaron a Puerto Cabello el 2 de septiembre de 1947, para luego trasladarlos hasta el Campo de Inmigrantes El Trompillo en el estado Carabobo, el cual estaba a medio construir, situaci\u00f3n que le permiti\u00f3 a Arminio su primer empleo y a Emilia percibir ingresos como traductora. Al a\u00f1o siguiente naci\u00f3 su hijo Roque.<\/p>\n\n\n\n<p>De Carabobo, Arminio Zanders pas\u00f3 directamente a trabajar en el Ministerio de Obras P\u00fablicas en Caracas. Comenzaba la transformaci\u00f3n hacia una ciudad m\u00e1s moderna, pero como familia estudiaron la posibilidad de salir de la ciudad e\u00a0instalarse en el interior. Un d\u00eda Arminio lleg\u00f3 al apartamento y dijo: he encontrado un sitio ideal. Ese era Altagracia de Orituco, pueblo guarique\u00f1o que visit\u00f3 para inspeccionar la construcci\u00f3n del grupo escolar Jos\u00e9 Ram\u00f3n Camejo.<\/p>\n\n\n\n<p>Aqu\u00ed la familia Zanders ech\u00f3 ra\u00edces. La mudanza fue el 31 de julio de 1956, directo a la peque\u00f1a extensi\u00f3n que hab\u00edan comprado y fue bautizada con el nombre de San Roque.<\/p>\n\n\n\n<p>Mientras Arminio segu\u00eda de viaje como inspector del MOP, la profesora Emilia de Zanders, fue r\u00e1pidamente llamada para que se incorporara a trabajar en el liceo Ram\u00f3n Buenahora, porque necesitan un profesor de ingl\u00e9s. Desde ese momento comenz\u00f3 a destacarse por su carisma y por el trabajo m\u00e1s all\u00e1 de las aulas. Fund\u00f3 el coro del liceo, el grupo de danzas, daba clases de ballet y cre\u00f3 un grupo teatral en la escuela de normalistas donde tambi\u00e9n fue llamada a trabajar.<\/p>\n\n\n\n<p>Cuando fue inaugurado el embalse Guanapito, ella tuvo la oportunidad de tomar el viol\u00edn para interpretar Sombra en los M\u00e9danos, en la recepci\u00f3n que le ten\u00edan al presidente R\u00f3mulo Betancourt en el hotel Guatopo. Luego de la presentaci\u00f3n fue llamada a la mesa donde estaba el presidente y su comitiva, entre ellos el Ministro de Obras P\u00fablicas Leopoldo Sucre Figarella, jefe de su esposo.<\/p>\n\n\n\n<p>Porque su carisma la proyect\u00f3 m\u00e1s all\u00e1 de las aulas, porque se distingui\u00f3 como radioaficionado certificada, porque fue parte importante en la organizaci\u00f3n de los actos con motivo del Tricentenario de Altagracia, porque la colaboraci\u00f3n para una revista alemana la llev\u00f3 a publicar el libro Memorias de una Inmigrante, que nos permiti\u00f3 contar parte de su historia, porque en nuestra tierra la recordamos todos los d\u00edas al escuchar el Himno de Altagracia, cuya m\u00fasica le pertenece, la profesora Emilia de Zanders forma parte de Forjadores de Progreso.<\/p>\n\n\n\n<p>@amandasaldivia<\/p>\n\n\n\n<p><\/p>\n","protected":false},"excerpt":{"rendered":"<p>Amanda Saldivia.- La octava entrega de Forjadores de Progreso, iniciativa de la empresa Promasorca como parte de la celebraci\u00f3n del 25 aniversario, est\u00e1 dedicada a conocer aspectos resaltantes de la profesora Emilia de Zanders inmigrante austr\u00edaca que lleg\u00f3 a Altagracia de Orituco en el a\u00f1o 1956 y se integr\u00f3 a<\/p>\n","protected":false},"author":2,"featured_media":3628,"comment_status":"open","ping_status":"open","sticky":false,"template":"","format":"standard","meta":{"advanced_seo_description":"","jetpack_seo_html_title":"","jetpack_seo_noindex":false,"_jetpack_memberships_contains_paid_content":false,"footnotes":"","jetpack_publicize_message":"","jetpack_publicize_feature_enabled":true,"jetpack_social_post_already_shared":true,"jetpack_social_options":{"image_generator_settings":{"template":"highway","enabled":false},"version":2}},"categories":[156],"tags":[8,7,32],"class_list":["post-3627","post","type-post","status-publish","format-standard","has-post-thumbnail","hentry","category-publirreportaje","tag-altagraciadeorituco","tag-guarico","tag-webdealta",""],"jetpack_publicize_connections":[],"jetpack_featured_media_url":"https:\/\/webdealta.info\/wp-content\/uploads\/2021\/10\/Forjadores-de-Progreso-Emilia-de-Zanders.png","jetpack_sharing_enabled":true,"jetpack_likes_enabled":true,"jetpack-related-posts":[],"jetpack_shortlink":"https:\/\/wp.me\/pcseDn-Wv","_links":{"self":[{"href":"https:\/\/webdealta.info\/index.php?rest_route=\/wp\/v2\/posts\/3627","targetHints":{"allow":["GET"]}}],"collection":[{"href":"https:\/\/webdealta.info\/index.php?rest_route=\/wp\/v2\/posts"}],"about":[{"href":"https:\/\/webdealta.info\/index.php?rest_route=\/wp\/v2\/types\/post"}],"author":[{"embeddable":true,"href":"https:\/\/webdealta.info\/index.php?rest_route=\/wp\/v2\/users\/2"}],"replies":[{"embeddable":true,"href":"https:\/\/webdealta.info\/index.php?rest_route=%2Fwp%2Fv2%2Fcomments&post=3627"}],"version-history":[{"count":1,"href":"https:\/\/webdealta.info\/index.php?rest_route=\/wp\/v2\/posts\/3627\/revisions"}],"predecessor-version":[{"id":3629,"href":"https:\/\/webdealta.info\/index.php?rest_route=\/wp\/v2\/posts\/3627\/revisions\/3629"}],"wp:featuredmedia":[{"embeddable":true,"href":"https:\/\/webdealta.info\/index.php?rest_route=\/wp\/v2\/media\/3628"}],"wp:attachment":[{"href":"https:\/\/webdealta.info\/index.php?rest_route=%2Fwp%2Fv2%2Fmedia&parent=3627"}],"wp:term":[{"taxonomy":"category","embeddable":true,"href":"https:\/\/webdealta.info\/index.php?rest_route=%2Fwp%2Fv2%2Fcategories&post=3627"},{"taxonomy":"post_tag","embeddable":true,"href":"https:\/\/webdealta.info\/index.php?rest_route=%2Fwp%2Fv2%2Ftags&post=3627"}],"curies":[{"name":"wp","href":"https:\/\/api.w.org\/{rel}","templated":true}]}}