{"id":3595,"date":"2021-10-19T23:06:39","date_gmt":"2021-10-20T03:06:39","guid":{"rendered":"https:\/\/webdealta.info\/?p=3595"},"modified":"2021-10-19T23:06:52","modified_gmt":"2021-10-20T03:06:52","slug":"comerciantes-lideran-mantenimiento-del-cementerio-municipal","status":"publish","type":"post","link":"https:\/\/webdealta.info\/?p=3595","title":{"rendered":"Comerciantes lideran mantenimiento del cementerio municipal"},"content":{"rendered":"\n<p>Amanda Saldivia.-<\/p>\n\n\n\n<p>\u201cEn la uni\u00f3n est\u00e1 la fuerza\u201d y aunque es una frase com\u00fan, ejemplifica lo que desde hace m\u00e1s de una semana ocurre en Altagracia de Orituco, Gu\u00e1rico, donde un grupo de ciudadanos, bajo el liderazgo de la C\u00e1mara de Comercio, Industria y Producci\u00f3n del municipio Monagas, llevan adelante una verdadera jornada de limpieza del cementerio, la cual incluye desmalezamiento, poda de \u00e1rboles y retiro de escombros.<\/p>\n\n\n\n<p>Pablo Rojas, presidente del gremio, se\u00f1al\u00f3 que este martes 19 de octubre laboraron 32 obreros pagados por iniciativa de comerciantes, adem\u00e1s de otros ciudadanos que se unen y hacen aportes por medio de refrigerios para quienes se dedican al mantenimiento profundo del camposanto, previo a la conmemoraci\u00f3n del D\u00eda de los Fieles Difuntos, fecha en la cual estiman que est\u00e9 culminada la jornada.<\/p>\n\n\n\n<p>As\u00ed mismo resalt\u00f3, que con el env\u00edo de veh\u00edculos se inici\u00f3 el retiro de los desechos extra\u00eddos y espera la incorporaci\u00f3n de quienes tienen familiares sepultados en el cementerio, a los fines de que acudan para efectuar el mantenimiento a las tumbas.<\/p>\n\n\n\n<p>En cuanto al listado de colaboradores, precis\u00f3 que entre pago a obreros, camiones, maquinaria y refrigerios est\u00e1n Acr\u00edlicos Gracitanos, Agropecuaria RALG, Casa Canaria, Decocer\u00e1micas, Distribuidora Segor, Exclusividades El Rey, Farmacia El Sol, Ferre Aponte, Grupo la Palma, Helados El Rey, Licorer\u00eda Glorimar, Mercoser, C.A., Muebler\u00eda Eli Rosa, Radelco, C.A., Variedades El Valle, Ferre Orituco, El Guanche, Leberfruta, Hielos Orfrazan, Dra. Albanella Morffe, Eleazar Rosa, Javier Bustamante, Lisett D\u00edaz, Pascual Sarubbi, Veturia Rosa, Carmen Aragort, Manolo Pihno y Marisela De Angelis, a quienes agradeci\u00f3 por unirse a esta acci\u00f3n.<\/p>\n\n\n\n<p>@amandasaldivia<\/p>\n\n\n\n<p><\/p>\n","protected":false},"excerpt":{"rendered":"<p>Amanda Saldivia.- \u201cEn la uni\u00f3n est\u00e1 la fuerza\u201d y aunque es una frase com\u00fan, ejemplifica lo que desde hace m\u00e1s de una semana ocurre en Altagracia de Orituco, Gu\u00e1rico, donde un grupo de ciudadanos, bajo el liderazgo de la C\u00e1mara de Comercio, Industria y Producci\u00f3n del municipio Monagas, llevan adelante<\/p>\n","protected":false},"author":2,"featured_media":3596,"comment_status":"open","ping_status":"open","sticky":false,"template":"","format":"standard","meta":{"advanced_seo_description":"","jetpack_seo_html_title":"","jetpack_seo_noindex":false,"_jetpack_memberships_contains_paid_content":false,"footnotes":"","jetpack_publicize_message":"","jetpack_publicize_feature_enabled":true,"jetpack_social_post_already_shared":true,"jetpack_social_options":{"image_generator_settings":{"template":"highway","enabled":false},"version":2}},"categories":[50],"tags":[8,7,32],"class_list":["post-3595","post","type-post","status-publish","format-standard","has-post-thumbnail","hentry","category-iniciativas-ciudadanas","tag-altagraciadeorituco","tag-guarico","tag-webdealta",""],"jetpack_publicize_connections":[],"jetpack_featured_media_url":"https:\/\/webdealta.info\/wp-content\/uploads\/2021\/10\/webdealta-cementerio.jpeg","jetpack_sharing_enabled":true,"jetpack_likes_enabled":true,"jetpack-related-posts":[],"jetpack_shortlink":"https:\/\/wp.me\/pcseDn-VZ","_links":{"self":[{"href":"https:\/\/webdealta.info\/index.php?rest_route=\/wp\/v2\/posts\/3595","targetHints":{"allow":["GET"]}}],"collection":[{"href":"https:\/\/webdealta.info\/index.php?rest_route=\/wp\/v2\/posts"}],"about":[{"href":"https:\/\/webdealta.info\/index.php?rest_route=\/wp\/v2\/types\/post"}],"author":[{"embeddable":true,"href":"https:\/\/webdealta.info\/index.php?rest_route=\/wp\/v2\/users\/2"}],"replies":[{"embeddable":true,"href":"https:\/\/webdealta.info\/index.php?rest_route=%2Fwp%2Fv2%2Fcomments&post=3595"}],"version-history":[{"count":2,"href":"https:\/\/webdealta.info\/index.php?rest_route=\/wp\/v2\/posts\/3595\/revisions"}],"predecessor-version":[{"id":3598,"href":"https:\/\/webdealta.info\/index.php?rest_route=\/wp\/v2\/posts\/3595\/revisions\/3598"}],"wp:featuredmedia":[{"embeddable":true,"href":"https:\/\/webdealta.info\/index.php?rest_route=\/wp\/v2\/media\/3596"}],"wp:attachment":[{"href":"https:\/\/webdealta.info\/index.php?rest_route=%2Fwp%2Fv2%2Fmedia&parent=3595"}],"wp:term":[{"taxonomy":"category","embeddable":true,"href":"https:\/\/webdealta.info\/index.php?rest_route=%2Fwp%2Fv2%2Fcategories&post=3595"},{"taxonomy":"post_tag","embeddable":true,"href":"https:\/\/webdealta.info\/index.php?rest_route=%2Fwp%2Fv2%2Ftags&post=3595"}],"curies":[{"name":"wp","href":"https:\/\/api.w.org\/{rel}","templated":true}]}}