{"id":3583,"date":"2021-10-18T22:07:32","date_gmt":"2021-10-19T02:07:32","guid":{"rendered":"https:\/\/webdealta.info\/?p=3583"},"modified":"2021-10-19T10:27:50","modified_gmt":"2021-10-19T14:27:50","slug":"luego-de-cuatro-anos-alivio-el-embalse-guanapito","status":"publish","type":"post","link":"https:\/\/webdealta.info\/?p=3583","title":{"rendered":"Luego de cuatro a\u00f1os alivi\u00f3 el embalse Guanapito"},"content":{"rendered":"\n<p>Amanda Saldivia.-<\/p>\n\n\n\n<p>Luego de cuatro a\u00f1os sin aliviar, este lunes 18 de octubre, a las 2:00 pm, fueron abiertas las compuertas del embalse Guanapito para la descarga de los excedentes, a raz\u00f3n de 6 metros c\u00fabicos por segundo tras superar la cota 437.50, eso de acuerdo a las declaraciones ofrecidas a la Web de Altagracia por el t\u00e9cnico en hidrometeorolog\u00eda Javier \u00c1lvarez, responsable del manejo de la represa.<\/p>\n\n\n\n<p>Al preguntarle sobre la importancia que revest\u00eda el alivio luego de cuatro a\u00f1os sin registros de este tipo, expres\u00f3 que radica en \u201cver el \u00e9xito del trabajo que se han hecho a lo largo de dos a\u00f1os\u201d, desde que asumieron la responsabilidad del manejo, lo cual permiti\u00f3 que con todos los gastos que hubo para la siembra, consumo, industria y ecolog\u00eda, el embalse solo baj\u00f3 este 2021 hasta la cota 429 y el d\u00eda domingo pasado alcanz\u00f3 el 100 por ciento del llenado, motivo por el cual la Direcci\u00f3n Nacional de Operaciones de Embalses del Ministerio de Atenci\u00f3n a las Aguas, autoriz\u00f3 la descarga de los excedentes.<\/p>\n\n\n\n<p>\u00c1lvarez agreg\u00f3 que la maniobra de alivio se realiz\u00f3 \u201cbajo el criterio de no descargar grandes vol\u00famenes en corto tiempo para tener un espacio y as\u00ed evitar alguna emergencia aguas abajo del embalse\u201d, eso en referencia a la cantidad de agua que podr\u00eda seguir recibiendo producto de las precipitaciones y tomando en consideraci\u00f3n el alerta que hizo el Inameh sobre la posibilidad de que se active el fen\u00f3meno La Ni\u00f1a, como parte de las proyecciones para finales del a\u00f1o 2021.<\/p>\n\n\n\n<p>Puntualiz\u00f3 que la descarga actual no representa ning\u00fan peligro para la poblaci\u00f3n, solo alert\u00f3 a los productores agropecuarios que est\u00e1n en los m\u00e1rgenes del r\u00edo Orituco, a los fines de que est\u00e9n atentos y retiren de las cercan\u00eda del cauce cualquier equipo, eso si se da el caso de aumentar el caudal de alivio.<\/p>\n\n\n\n<p>Recalc\u00f3 que la intenci\u00f3n es mantener el embalse Guanapito en la cota 437.50, ideal para su manejo, seg\u00fan la directriz recibida de parte de la Direcci\u00f3n Nacional de Operaciones del Ministerio de Atenci\u00f3n de las Aguas.<\/p>\n\n\n\n<p>En cuanto a la activaci\u00f3n del sistema de riego Guanapito, Javier \u00c1lvarez se\u00f1al\u00f3 que la semana pr\u00f3xima estar\u00e1n en conversaciones con los productores agropecuarios, para acordar el despacho, los horarios y otros aspectos relacionados con el ciclo de siembra, con la limitaciones que implica el deterioro que presentan canales y tuber\u00edas.<\/p>\n\n\n\n<p>@amandasaldivia  <\/p>\n\n\n\n<p><\/p>\n","protected":false},"excerpt":{"rendered":"<p>Amanda Saldivia.- Luego de cuatro a\u00f1os sin aliviar, este lunes 18 de octubre, a las 2:00 pm, fueron abiertas las compuertas del embalse Guanapito para la descarga de los excedentes, a raz\u00f3n de 6 metros c\u00fabicos por segundo tras superar la cota 437.50, eso de acuerdo a las declaraciones ofrecidas<\/p>\n","protected":false},"author":2,"featured_media":3584,"comment_status":"open","ping_status":"open","sticky":false,"template":"","format":"standard","meta":{"advanced_seo_description":"","jetpack_seo_html_title":"","jetpack_seo_noindex":false,"_jetpack_memberships_contains_paid_content":false,"footnotes":"","jetpack_publicize_message":"","jetpack_publicize_feature_enabled":true,"jetpack_social_post_already_shared":true,"jetpack_social_options":{"image_generator_settings":{"template":"highway","enabled":false},"version":2}},"categories":[289],"tags":[8,7,32],"class_list":["post-3583","post","type-post","status-publish","format-standard","has-post-thumbnail","hentry","category-embalse-guanapito","tag-altagraciadeorituco","tag-guarico","tag-webdealta",""],"jetpack_publicize_connections":[],"jetpack_featured_media_url":"https:\/\/webdealta.info\/wp-content\/uploads\/2021\/10\/javier-alverez-webdealta.png","jetpack_sharing_enabled":true,"jetpack_likes_enabled":true,"jetpack-related-posts":[],"jetpack_shortlink":"https:\/\/wp.me\/pcseDn-VN","_links":{"self":[{"href":"https:\/\/webdealta.info\/index.php?rest_route=\/wp\/v2\/posts\/3583","targetHints":{"allow":["GET"]}}],"collection":[{"href":"https:\/\/webdealta.info\/index.php?rest_route=\/wp\/v2\/posts"}],"about":[{"href":"https:\/\/webdealta.info\/index.php?rest_route=\/wp\/v2\/types\/post"}],"author":[{"embeddable":true,"href":"https:\/\/webdealta.info\/index.php?rest_route=\/wp\/v2\/users\/2"}],"replies":[{"embeddable":true,"href":"https:\/\/webdealta.info\/index.php?rest_route=%2Fwp%2Fv2%2Fcomments&post=3583"}],"version-history":[{"count":2,"href":"https:\/\/webdealta.info\/index.php?rest_route=\/wp\/v2\/posts\/3583\/revisions"}],"predecessor-version":[{"id":3592,"href":"https:\/\/webdealta.info\/index.php?rest_route=\/wp\/v2\/posts\/3583\/revisions\/3592"}],"wp:featuredmedia":[{"embeddable":true,"href":"https:\/\/webdealta.info\/index.php?rest_route=\/wp\/v2\/media\/3584"}],"wp:attachment":[{"href":"https:\/\/webdealta.info\/index.php?rest_route=%2Fwp%2Fv2%2Fmedia&parent=3583"}],"wp:term":[{"taxonomy":"category","embeddable":true,"href":"https:\/\/webdealta.info\/index.php?rest_route=%2Fwp%2Fv2%2Fcategories&post=3583"},{"taxonomy":"post_tag","embeddable":true,"href":"https:\/\/webdealta.info\/index.php?rest_route=%2Fwp%2Fv2%2Ftags&post=3583"}],"curies":[{"name":"wp","href":"https:\/\/api.w.org\/{rel}","templated":true}]}}