{"id":3576,"date":"2021-10-17T12:34:45","date_gmt":"2021-10-17T16:34:45","guid":{"rendered":"https:\/\/webdealta.info\/?p=3576"},"modified":"2021-10-17T12:34:47","modified_gmt":"2021-10-17T16:34:47","slug":"50-aniversario-sacerdotal-de-cruz-rafael-mujica-clermot","status":"publish","type":"post","link":"https:\/\/webdealta.info\/?p=3576","title":{"rendered":"50 Aniversario Sacerdotal de Cruz Rafael Mujica Clermot"},"content":{"rendered":"\n<p>Hoy 17 de octubre de 2021, la Di\u00f3cesis de Valle de la Pascua junto a la comunidad Cristiana Cat\u00f3lica de Altagracia de Orituco, se llenan de j\u00fabilo al celebrar los 50 a\u00f1os de sacerdocio de Cruz Rafael Mujica Clermont, pastor de la parroquia Nuestra Se\u00f1ora de Altagracia.<\/p>\n\n\n\n<p>Cruz Rafael naci\u00f3 un viernes 03 de mayo de 1946 en la ciudad de Calabozo, estado Gu\u00e1rico, fruto de la uni\u00f3n entre Juan Mujica y Mar\u00eda Clermont de Mujica. Fue ordenado sacerdote el 17 de octubre de 1971, una semana despu\u00e9s, el 24 de octubre, celebr\u00f3 su primera eucarist\u00eda.<\/p>\n\n\n\n<p>El padre Cruz, arrib\u00f3 al municipio Jos\u00e9 Tadeo Monagas en el a\u00f1o 1977, prestando su servicio presbiteral en la parroquia San Jos\u00e9 Obrero. Posteriormente, el 12 de octubre de 1980, fue designado p\u00e1rroco de la Iglesia de la que hasta la fecha forma parte. Tambi\u00e9n ha ejercido como presidente y director espiritual de la instituci\u00f3n educativa Colegio Padre Juan de Barnuevo.<\/p>\n\n\n\n<p>A sus 75 a\u00f1os de vida, sigue trabajando en sus actividades pastorales con generosidad y entrega. Cincuenta a\u00f1os de ordenaci\u00f3n movido por el Esp\u00edritu Santo para guiar el reba\u00f1o que le fue encomendado.<\/p>\n\n\n\n<p>Cortes\u00eda de la Di\u00f3cesis de Valle de la Pascua<\/p>\n\n\n\n<p><\/p>\n","protected":false},"excerpt":{"rendered":"<p>Hoy 17 de octubre de 2021, la Di\u00f3cesis de Valle de la Pascua junto a la comunidad Cristiana Cat\u00f3lica de Altagracia de Orituco, se llenan de j\u00fabilo al celebrar los 50 a\u00f1os de sacerdocio de Cruz Rafael Mujica Clermont, pastor de la parroquia Nuestra Se\u00f1ora de Altagracia. Cruz Rafael naci\u00f3<\/p>\n","protected":false},"author":2,"featured_media":3577,"comment_status":"open","ping_status":"open","sticky":false,"template":"","format":"standard","meta":{"advanced_seo_description":"","jetpack_seo_html_title":"","jetpack_seo_noindex":false,"_jetpack_memberships_contains_paid_content":false,"footnotes":"","jetpack_publicize_message":"","jetpack_publicize_feature_enabled":true,"jetpack_social_post_already_shared":true,"jetpack_social_options":{"image_generator_settings":{"template":"highway","enabled":false},"version":2}},"categories":[42],"tags":[8,7,32],"class_list":["post-3576","post","type-post","status-publish","format-standard","has-post-thumbnail","hentry","category-iglesia-catolica","tag-altagraciadeorituco","tag-guarico","tag-webdealta",""],"jetpack_publicize_connections":[],"jetpack_featured_media_url":"https:\/\/webdealta.info\/wp-content\/uploads\/2021\/10\/padre-cruz-mujica-50-anos-webdealta.png","jetpack_sharing_enabled":true,"jetpack_likes_enabled":true,"jetpack-related-posts":[],"jetpack_shortlink":"https:\/\/wp.me\/pcseDn-VG","_links":{"self":[{"href":"https:\/\/webdealta.info\/index.php?rest_route=\/wp\/v2\/posts\/3576","targetHints":{"allow":["GET"]}}],"collection":[{"href":"https:\/\/webdealta.info\/index.php?rest_route=\/wp\/v2\/posts"}],"about":[{"href":"https:\/\/webdealta.info\/index.php?rest_route=\/wp\/v2\/types\/post"}],"author":[{"embeddable":true,"href":"https:\/\/webdealta.info\/index.php?rest_route=\/wp\/v2\/users\/2"}],"replies":[{"embeddable":true,"href":"https:\/\/webdealta.info\/index.php?rest_route=%2Fwp%2Fv2%2Fcomments&post=3576"}],"version-history":[{"count":1,"href":"https:\/\/webdealta.info\/index.php?rest_route=\/wp\/v2\/posts\/3576\/revisions"}],"predecessor-version":[{"id":3578,"href":"https:\/\/webdealta.info\/index.php?rest_route=\/wp\/v2\/posts\/3576\/revisions\/3578"}],"wp:featuredmedia":[{"embeddable":true,"href":"https:\/\/webdealta.info\/index.php?rest_route=\/wp\/v2\/media\/3577"}],"wp:attachment":[{"href":"https:\/\/webdealta.info\/index.php?rest_route=%2Fwp%2Fv2%2Fmedia&parent=3576"}],"wp:term":[{"taxonomy":"category","embeddable":true,"href":"https:\/\/webdealta.info\/index.php?rest_route=%2Fwp%2Fv2%2Fcategories&post=3576"},{"taxonomy":"post_tag","embeddable":true,"href":"https:\/\/webdealta.info\/index.php?rest_route=%2Fwp%2Fv2%2Ftags&post=3576"}],"curies":[{"name":"wp","href":"https:\/\/api.w.org\/{rel}","templated":true}]}}