{"id":3551,"date":"2021-10-16T18:44:46","date_gmt":"2021-10-16T22:44:46","guid":{"rendered":"https:\/\/webdealta.info\/?p=3551"},"modified":"2021-10-16T18:44:49","modified_gmt":"2021-10-16T22:44:49","slug":"lezama-realizan-mantenimiento-a-escuela-jesus-bandres","status":"publish","type":"post","link":"https:\/\/webdealta.info\/?p=3551","title":{"rendered":"Lezama: realizan mantenimiento a escuela Jes\u00fas Bandres"},"content":{"rendered":"\n<p>Amanda Saldivia.-<\/p>\n\n\n\n<p>La Dra. Susana Sayegh, coordinadora de la Red Educativa del municipio Monagas, Gu\u00e1rico, comparti\u00f3 con este medio de comunicaci\u00f3n digital una serie de fotograf\u00edas que evidencian que ya comenz\u00f3 el plan de mantenimiento en la escuela Jes\u00fas Bandres de Lezama, cuyo mal estado fue denunciado a trav\u00e9s de este portal.<\/p>\n\n\n\n<p>La responsable de las instituciones educativas, se\u00f1al\u00f3 que en la mayor\u00eda de las escuelas el personal se incorpor\u00f3 a las labores de mantenimiento con el apoyo de los padres y representantes, adem\u00e1s de acciones de autogesti\u00f3n para realizar algunas mejoras, a los fines de adecuarlas para el regreso a clases presenciales.<\/p>\n\n\n\n<p>En referencia a ese punto, se\u00f1al\u00f3 que hasta el momento el llamado es comenzar a partir del 25 de octubre, pero no ser\u00e1 como tradicionalmente se hace, sino con modalidades que implican menos estudiantes por aulas y otras estrategias, siempre con las medidas de bioseguridad.<\/p>\n\n\n\n<p>@amandasaldivia<\/p>\n\n\n\n<p><\/p>\n","protected":false},"excerpt":{"rendered":"<p>Amanda Saldivia.- La Dra. Susana Sayegh, coordinadora de la Red Educativa del municipio Monagas, Gu\u00e1rico, comparti\u00f3 con este medio de comunicaci\u00f3n digital una serie de fotograf\u00edas que evidencian que ya comenz\u00f3 el plan de mantenimiento en la escuela Jes\u00fas Bandres de Lezama, cuyo mal estado fue denunciado a trav\u00e9s de<\/p>\n","protected":false},"author":2,"featured_media":3552,"comment_status":"open","ping_status":"open","sticky":false,"template":"","format":"standard","meta":{"advanced_seo_description":"","jetpack_seo_html_title":"","jetpack_seo_noindex":false,"_jetpack_memberships_contains_paid_content":false,"footnotes":"","jetpack_publicize_message":"","jetpack_publicize_feature_enabled":true,"jetpack_social_post_already_shared":true,"jetpack_social_options":{"image_generator_settings":{"template":"highway","enabled":false},"version":2}},"categories":[207],"tags":[8,7,32],"class_list":["post-3551","post","type-post","status-publish","format-standard","has-post-thumbnail","hentry","category-mantenimiento","tag-altagraciadeorituco","tag-guarico","tag-webdealta",""],"jetpack_publicize_connections":[],"jetpack_featured_media_url":"https:\/\/webdealta.info\/wp-content\/uploads\/2021\/10\/escuela-jesus-bandres-webdealta.png","jetpack_sharing_enabled":true,"jetpack_likes_enabled":true,"jetpack-related-posts":[],"jetpack_shortlink":"https:\/\/wp.me\/pcseDn-Vh","_links":{"self":[{"href":"https:\/\/webdealta.info\/index.php?rest_route=\/wp\/v2\/posts\/3551","targetHints":{"allow":["GET"]}}],"collection":[{"href":"https:\/\/webdealta.info\/index.php?rest_route=\/wp\/v2\/posts"}],"about":[{"href":"https:\/\/webdealta.info\/index.php?rest_route=\/wp\/v2\/types\/post"}],"author":[{"embeddable":true,"href":"https:\/\/webdealta.info\/index.php?rest_route=\/wp\/v2\/users\/2"}],"replies":[{"embeddable":true,"href":"https:\/\/webdealta.info\/index.php?rest_route=%2Fwp%2Fv2%2Fcomments&post=3551"}],"version-history":[{"count":1,"href":"https:\/\/webdealta.info\/index.php?rest_route=\/wp\/v2\/posts\/3551\/revisions"}],"predecessor-version":[{"id":3553,"href":"https:\/\/webdealta.info\/index.php?rest_route=\/wp\/v2\/posts\/3551\/revisions\/3553"}],"wp:featuredmedia":[{"embeddable":true,"href":"https:\/\/webdealta.info\/index.php?rest_route=\/wp\/v2\/media\/3552"}],"wp:attachment":[{"href":"https:\/\/webdealta.info\/index.php?rest_route=%2Fwp%2Fv2%2Fmedia&parent=3551"}],"wp:term":[{"taxonomy":"category","embeddable":true,"href":"https:\/\/webdealta.info\/index.php?rest_route=%2Fwp%2Fv2%2Fcategories&post=3551"},{"taxonomy":"post_tag","embeddable":true,"href":"https:\/\/webdealta.info\/index.php?rest_route=%2Fwp%2Fv2%2Ftags&post=3551"}],"curies":[{"name":"wp","href":"https:\/\/api.w.org\/{rel}","templated":true}]}}