{"id":3524,"date":"2021-10-12T16:05:31","date_gmt":"2021-10-12T20:05:31","guid":{"rendered":"https:\/\/webdealta.info\/?p=3524"},"modified":"2021-10-13T07:31:05","modified_gmt":"2021-10-13T11:31:05","slug":"altagracia-11-fallecidos-por-covid-19-en-12-dias","status":"publish","type":"post","link":"https:\/\/webdealta.info\/?p=3524","title":{"rendered":"Altagracia: 11 fallecidos por covid-19 en 12 d\u00edas"},"content":{"rendered":"\n<p>Amanda Saldivia.-<\/p>\n\n\n\n<p>La cifra alarmante de 11 fallecidos por complicaciones asociadas al covid-19 en Altagracia de Orituco, Gu\u00e1rico, en los primeros 12 d\u00edas del mes de octubre, adem\u00e1s de 28 hospitalizados entre los centros p\u00fablicos y privados de esta localidad, gener\u00f3 un encuentro de los representantes de cuerpos de seguridad y del sector salud, a los fines de acordar una serie de acciones destinadas a frenar los contagios.<\/p>\n\n\n\n<p>La actividad fue presidida por el coronel Walner Vivas, comandante del \u00c1rea de Defensa Integral Tamanaco 355 y en presencia del licenciado Margarito Quintana, coordinador de la ASIC del municipio Monagas, se acord\u00f3 iniciar una campa\u00f1a orientada al cumplimiento de la bioseguridad con \u00e9nfasis en el uso del tapabocas, desinfecci\u00f3n y retomar algunas restricciones, que aunque est\u00e1n contempladas en los decretos no se cumplen, como lo son las aglomeraciones que se generan por la celebraci\u00f3n de actos de masas, deportivos, recreativos y hasta pol\u00edticos.<\/p>\n\n\n\n<p>Margarito Quintana, coordinador de la ASIC en el municipio Monagas, expres\u00f3 preocupaci\u00f3n porque entre los contagiados hay m\u00e1s de 25 trabajadores del sector salud, la mayor\u00eda con tratamiento en casa, pero evidencia lo expuestos que est\u00e1n al virus por la actividad que realizan, mientras que los sanos presentan grados de agotamiento y estr\u00e9s, en virtud del n\u00famero de casos que atienden.<\/p>\n\n\n\n<p>En el encuentro, celebrado en la sede de la planta de tratamiento Chapaiguana, en la ma\u00f1ana de este 12 de octubre, estuvieron presentes el Mayor C\u00e9sar Fern\u00e1ndez, comandante del destacamento de la Guardia Rural, el capit\u00e1n Jackson C\u00e1cerez, comandante del puesto de la Guardia Nacional, el comisario Ronal Mu\u00f1oz, jefe de Sebin, el coronel Denis Dur\u00e1n, comandante del Cuerpo de Bomberos Andr\u00e9 Fourneau, la comisionado Evelin Jaramillo, directora local de Poligu\u00e1rico y paulatinamente se incorpor\u00f3 la alcaldesa Tania Sierra, Pedro Sol\u00f3rzano, candidato y representante del partido de gobierno, entre otros.<\/p>\n\n\n\n<p>Se espera que las acciones comiencen a partir del pr\u00f3ximo jueves 14 de octubre, fecha en la cual ya tendr\u00edan definidas cada uno de los operativos a llevar a cabo, con los responsables por instituciones y la revisi\u00f3n de los decretos nacionales, regionales y locales vigentes en materia de bioseguridad.<\/p>\n\n\n\n<p>@amandasaldivia<\/p>\n\n\n\n<p><\/p>\n","protected":false},"excerpt":{"rendered":"<p>Amanda Saldivia.- La cifra alarmante de 11 fallecidos por complicaciones asociadas al covid-19 en Altagracia de Orituco, Gu\u00e1rico, en los primeros 12 d\u00edas del mes de octubre, adem\u00e1s de 28 hospitalizados entre los centros p\u00fablicos y privados de esta localidad, gener\u00f3 un encuentro de los representantes de cuerpos de seguridad<\/p>\n","protected":false},"author":2,"featured_media":3525,"comment_status":"open","ping_status":"open","sticky":false,"template":"","format":"standard","meta":{"advanced_seo_description":"","jetpack_seo_html_title":"","jetpack_seo_noindex":false,"_jetpack_memberships_contains_paid_content":false,"footnotes":"","jetpack_publicize_message":"","jetpack_publicize_feature_enabled":true,"jetpack_social_post_already_shared":true,"jetpack_social_options":{"image_generator_settings":{"template":"highway","enabled":false},"version":2}},"categories":[195],"tags":[8,11,7,32],"class_list":["post-3524","post","type-post","status-publish","format-standard","has-post-thumbnail","hentry","category-covid-19","tag-altagraciadeorituco","tag-covid19","tag-guarico","tag-webdealta",""],"jetpack_publicize_connections":[],"jetpack_featured_media_url":"https:\/\/webdealta.info\/wp-content\/uploads\/2021\/10\/margarito-quintana-webdealta-1.jpg","jetpack_sharing_enabled":true,"jetpack_likes_enabled":true,"jetpack-related-posts":[],"jetpack_shortlink":"https:\/\/wp.me\/pcseDn-UQ","_links":{"self":[{"href":"https:\/\/webdealta.info\/index.php?rest_route=\/wp\/v2\/posts\/3524","targetHints":{"allow":["GET"]}}],"collection":[{"href":"https:\/\/webdealta.info\/index.php?rest_route=\/wp\/v2\/posts"}],"about":[{"href":"https:\/\/webdealta.info\/index.php?rest_route=\/wp\/v2\/types\/post"}],"author":[{"embeddable":true,"href":"https:\/\/webdealta.info\/index.php?rest_route=\/wp\/v2\/users\/2"}],"replies":[{"embeddable":true,"href":"https:\/\/webdealta.info\/index.php?rest_route=%2Fwp%2Fv2%2Fcomments&post=3524"}],"version-history":[{"count":2,"href":"https:\/\/webdealta.info\/index.php?rest_route=\/wp\/v2\/posts\/3524\/revisions"}],"predecessor-version":[{"id":3527,"href":"https:\/\/webdealta.info\/index.php?rest_route=\/wp\/v2\/posts\/3524\/revisions\/3527"}],"wp:featuredmedia":[{"embeddable":true,"href":"https:\/\/webdealta.info\/index.php?rest_route=\/wp\/v2\/media\/3525"}],"wp:attachment":[{"href":"https:\/\/webdealta.info\/index.php?rest_route=%2Fwp%2Fv2%2Fmedia&parent=3524"}],"wp:term":[{"taxonomy":"category","embeddable":true,"href":"https:\/\/webdealta.info\/index.php?rest_route=%2Fwp%2Fv2%2Fcategories&post=3524"},{"taxonomy":"post_tag","embeddable":true,"href":"https:\/\/webdealta.info\/index.php?rest_route=%2Fwp%2Fv2%2Ftags&post=3524"}],"curies":[{"name":"wp","href":"https:\/\/api.w.org\/{rel}","templated":true}]}}