{"id":3519,"date":"2021-10-11T21:37:52","date_gmt":"2021-10-12T01:37:52","guid":{"rendered":"https:\/\/webdealta.info\/?p=3519"},"modified":"2021-10-11T21:37:54","modified_gmt":"2021-10-12T01:37:54","slug":"mg-infante-se-pronuncio-ante-utilizacion-de-la-planta-chapaiguana-como-balneario","status":"publish","type":"post","link":"https:\/\/webdealta.info\/?p=3519","title":{"rendered":"MG. Infante se pronunci\u00f3 ante utilizaci\u00f3n de la planta Chapaiguana como balneario"},"content":{"rendered":"\n<p>Amanda Saldivia.-<\/p>\n\n\n\n<p>Las fotograf\u00edas y el video que circul\u00f3 este domingo en redes sociales, donde se observa a un grupo de personas, entre ellos ni\u00f1os, que se ba\u00f1an y hasta lavan la ropa en el agua ya potabilizada de la planta de tratamiento Chapaiguana de Altagracia de Orituco, Gu\u00e1rico, trajo consigo el pronunciamiento del MG. Santiago Infante, comandante de la REDI Los Llanos, quien orden\u00f3 la custodia de las instalaciones como un primer paso para el resguardo.<\/p>\n\n\n\n<p>En un contacto telef\u00f3nico con el programa Tiempo de Cambios, transmitido por la emisora Activa 104.9 FM y conducido por la redactora de esta nota, el MG. Santiago Infante, llam\u00f3 a la conciencia de la ciudadan\u00eda, al tiempo que inform\u00f3 que la planta de tratamiento estar\u00e1 en custodia de los cuerpos de seguridad, bajo la coordinaci\u00f3n del coronel Walner Vivas, comandante del \u00c1rea de Defensa Integral Tamanaco 355, quien tambi\u00e9n era entrevistado en el espacio radial.<\/p>\n\n\n\n<p>El MG. Santiago Infante, se\u00f1al\u00f3 que apenas conoci\u00f3 lo ocurrido se comunic\u00f3 con la gerencia regional de Hidrop\u00e1ez y con el Ministerio respectivo, porque adem\u00e1s del hecho preocupante suscitado este domingo, est\u00e1n las mejoras que requiere el sistema de procesamiento de agua potable, en el cual est\u00e1 contemplada la instalaci\u00f3n de los dos motores que hacen falta en la toma flotante del embalse Guanapito y la restituci\u00f3n de los transformadores que se volvieron a da\u00f1ar.<\/p>\n\n\n\n<p>Sobre este \u00faltimo aspecto, el comandante de la REDI Los Llanos, dijo que est\u00e1 en comunicaci\u00f3n con el ente que los suministr\u00f3 para canalizar la revisi\u00f3n y reiter\u00f3 que la idea es salir de la contingencia, para que los pobladores de Altagracia vean mejoras significativas en el suministro de agua potable.<\/p>\n\n\n\n<p>Por otra parte, el equipo de la Web de Altagracia, estuvo presente en la reuni\u00f3n y posterior inspecci\u00f3n que realizaron en la planta de tratamiento, en la tarde de este lunes 11 de octubre, las autoridades civiles y militares del municipio Monagas, entre ellas la alcaldesa Tania Sierra, el coronel Walner Vivas, comandante de la ADI Tamanaco 355, el capit\u00e1n C\u00e1cerez, comandante del puesto de la Guardia Nacional, Maryori Gonz\u00e1lez y Jos\u00e9 Luis Ruiz, trabajadores de Hidrop\u00e1ez, funcionarios de la Polic\u00eda del estado Gu\u00e1rico y de la Milicia Bolivariana.<\/p>\n\n\n\n<figure class=\"wp-block-image size-large\"><img loading=\"lazy\" decoding=\"async\" width=\"1024\" height=\"546\" src=\"https:\/\/webdealta.info\/wp-content\/uploads\/2021\/10\/tania-sierra-webdealta-1024x546.jpg\" alt=\"\" class=\"wp-image-3521\" srcset=\"https:\/\/webdealta.info\/wp-content\/uploads\/2021\/10\/tania-sierra-webdealta.jpg 1024w, https:\/\/webdealta.info\/wp-content\/uploads\/2021\/10\/tania-sierra-webdealta.jpg 300w, https:\/\/webdealta.info\/wp-content\/uploads\/2021\/10\/tania-sierra-webdealta.jpg 768w, https:\/\/webdealta.info\/wp-content\/uploads\/2021\/10\/tania-sierra-webdealta.jpg 1170w, https:\/\/webdealta.info\/wp-content\/uploads\/2021\/10\/tania-sierra-webdealta.jpg 1500w, https:\/\/webdealta.info\/wp-content\/uploads\/2021\/10\/tania-sierra-webdealta.jpg 1280w\" sizes=\"auto, (max-width: 640px) 100vw, 640px\" \/><figcaption>Autoridades civiles y militares tomaron acciones<\/figcaption><\/figure>\n\n\n\n<p>All\u00ed se acord\u00f3, adem\u00e1s de la custodia de las instalaciones por parte de comisiones mixtas, una jornada de desmalezamiento que se llevar\u00e1 a cabo este martes 12 de octubre y gestionar la instalaci\u00f3n de la puerta trasera, como una manera de frenar el ingreso a la planta de tratamiento Chapaiguana.<\/p>\n\n\n\n<p>@amandasaldivia<\/p>\n\n\n\n<p><\/p>\n","protected":false},"excerpt":{"rendered":"<p>Amanda Saldivia.- Las fotograf\u00edas y el video que circul\u00f3 este domingo en redes sociales, donde se observa a un grupo de personas, entre ellos ni\u00f1os, que se ba\u00f1an y hasta lavan la ropa en el agua ya potabilizada de la planta de tratamiento Chapaiguana de Altagracia de Orituco, Gu\u00e1rico, trajo<\/p>\n","protected":false},"author":2,"featured_media":3520,"comment_status":"open","ping_status":"open","sticky":false,"template":"","format":"standard","meta":{"advanced_seo_description":"","jetpack_seo_html_title":"","jetpack_seo_noindex":false,"_jetpack_memberships_contains_paid_content":false,"footnotes":"","jetpack_publicize_message":"","jetpack_publicize_feature_enabled":true,"jetpack_social_post_already_shared":true,"jetpack_social_options":{"image_generator_settings":{"template":"highway","enabled":false},"version":2}},"categories":[21],"tags":[8,7,32],"class_list":["post-3519","post","type-post","status-publish","format-standard","has-post-thumbnail","hentry","category-agua-potable","tag-altagraciadeorituco","tag-guarico","tag-webdealta",""],"jetpack_publicize_connections":[],"jetpack_featured_media_url":"https:\/\/webdealta.info\/wp-content\/uploads\/2021\/10\/Coronel-Vivas-webdealta.jpg","jetpack_sharing_enabled":true,"jetpack_likes_enabled":true,"jetpack-related-posts":[],"jetpack_shortlink":"https:\/\/wp.me\/pcseDn-UL","_links":{"self":[{"href":"https:\/\/webdealta.info\/index.php?rest_route=\/wp\/v2\/posts\/3519","targetHints":{"allow":["GET"]}}],"collection":[{"href":"https:\/\/webdealta.info\/index.php?rest_route=\/wp\/v2\/posts"}],"about":[{"href":"https:\/\/webdealta.info\/index.php?rest_route=\/wp\/v2\/types\/post"}],"author":[{"embeddable":true,"href":"https:\/\/webdealta.info\/index.php?rest_route=\/wp\/v2\/users\/2"}],"replies":[{"embeddable":true,"href":"https:\/\/webdealta.info\/index.php?rest_route=%2Fwp%2Fv2%2Fcomments&post=3519"}],"version-history":[{"count":1,"href":"https:\/\/webdealta.info\/index.php?rest_route=\/wp\/v2\/posts\/3519\/revisions"}],"predecessor-version":[{"id":3522,"href":"https:\/\/webdealta.info\/index.php?rest_route=\/wp\/v2\/posts\/3519\/revisions\/3522"}],"wp:featuredmedia":[{"embeddable":true,"href":"https:\/\/webdealta.info\/index.php?rest_route=\/wp\/v2\/media\/3520"}],"wp:attachment":[{"href":"https:\/\/webdealta.info\/index.php?rest_route=%2Fwp%2Fv2%2Fmedia&parent=3519"}],"wp:term":[{"taxonomy":"category","embeddable":true,"href":"https:\/\/webdealta.info\/index.php?rest_route=%2Fwp%2Fv2%2Fcategories&post=3519"},{"taxonomy":"post_tag","embeddable":true,"href":"https:\/\/webdealta.info\/index.php?rest_route=%2Fwp%2Fv2%2Ftags&post=3519"}],"curies":[{"name":"wp","href":"https:\/\/api.w.org\/{rel}","templated":true}]}}