{"id":3477,"date":"2021-10-05T23:05:32","date_gmt":"2021-10-06T03:05:32","guid":{"rendered":"https:\/\/webdealta.info\/?p=3477"},"modified":"2021-10-05T23:05:40","modified_gmt":"2021-10-06T03:05:40","slug":"alerta-repunte-de-afecciones-asociadas-a-covid-19-en-altagracia","status":"publish","type":"post","link":"https:\/\/webdealta.info\/?p=3477","title":{"rendered":"Alerta: repunte de afecciones asociadas a covid-19 en Altagracia"},"content":{"rendered":"\n<p>Amanda Saldivia.-<\/p>\n\n\n\n<p>Aunque no hay un pronunciamiento oficial de las autoridades de salud, pudimos obtener las cifras de pacientes recluidos en centros p\u00fablicos y privados de Altagracia de Orituco con s\u00edntomas asociados al covid-19, lo que da cuenta de que hay un nuevo repunte de este virus en esta regi\u00f3n guarique\u00f1a, para un total de 22 personas hospitalizadas este martes cinco de octubre.<\/p>\n\n\n\n<p>De acuerdo a datos extraoficiales, en la sala de aislamiento del hospital Dr. Jos\u00e9 Francisco Torrealba hay ocho pacientes y ya no tienen capacidad, motivo por el cual gestionan el traslado de nuevos ingresos a centros centinelas de Gu\u00e1rico, a los fines de que reciban atenci\u00f3n m\u00e9dica.<\/p>\n\n\n\n<p>Adicionalmente, en la sala de Triaje Respiratorio del hospital, hay cuatro pacientes recluidos y un promedio de 20 consultas diarias por s\u00edntomas asociados al virus, eso sin contar que un n\u00famero similar van a m\u00e9dicos de cl\u00ednicas locales, lo que hace estimar que m\u00e1s de 60 personas acuden al m\u00e9dico por d\u00eda, al sospechar que tienen coronavirus.<\/p>\n\n\n\n<p>Por otra parte, trascendi\u00f3 que en el Centro M\u00e9dico Orituco hay nueve pacientes hospitalizados, mientras en la Policl\u00ednica del Llano uno, para el total se\u00f1alado anteriormente de 22 pacientes recluidos a la fecha, eso sin contar con las atenciones domiciliarias, entre ellas familias completas contagiadas.<\/p>\n\n\n\n<p>Es importante resaltar, que por medio de las redes sociales se observan campa\u00f1as de familiares de pacientes que solicitan man\u00f3metros, soluci\u00f3n 0.9 y los medicamentos que normalmente prescriben los m\u00e9dicos en casos de afecciones respiratorias asociadas al covid-19, porque es dif\u00edcil costear todo lo que implica el tratamiento, bien sea para la atenci\u00f3n en el hospital o en los hogares.<\/p>\n\n\n\n<p>Sin&nbsp; embargo, la realidad es contrastante, porque mientras unos est\u00e1n desesperados por los familiares enfermos, otros acuden a canchas deportivas, hay actos de precampa\u00f1a electoral y todo un sinf\u00edn de actividades contrarias a las recomendaciones de la OMS.<\/p>\n\n\n\n<p>Igualmente, hay resistencia en algunos ciudadanos quienes se niegan a inmunizarse y otros que se han re-contagiado, a pesar de tener las dos dosis indicadas.<\/p>\n\n\n\n<p>@amandasaldivia<\/p>\n\n\n\n<p><\/p>\n","protected":false},"excerpt":{"rendered":"<p>Amanda Saldivia.- Aunque no hay un pronunciamiento oficial de las autoridades de salud, pudimos obtener las cifras de pacientes recluidos en centros p\u00fablicos y privados de Altagracia de Orituco con s\u00edntomas asociados al covid-19, lo que da cuenta de que hay un nuevo repunte de este virus en esta regi\u00f3n<\/p>\n","protected":false},"author":2,"featured_media":3478,"comment_status":"open","ping_status":"open","sticky":false,"template":"","format":"standard","meta":{"advanced_seo_description":"","jetpack_seo_html_title":"","jetpack_seo_noindex":false,"_jetpack_memberships_contains_paid_content":false,"footnotes":"","jetpack_publicize_message":"","jetpack_publicize_feature_enabled":true,"jetpack_social_post_already_shared":true,"jetpack_social_options":{"image_generator_settings":{"template":"highway","enabled":false},"version":2}},"categories":[195],"tags":[8,11,7,32],"class_list":["post-3477","post","type-post","status-publish","format-standard","has-post-thumbnail","hentry","category-covid-19","tag-altagraciadeorituco","tag-covid19","tag-guarico","tag-webdealta",""],"jetpack_publicize_connections":[],"jetpack_featured_media_url":"https:\/\/webdealta.info\/wp-content\/uploads\/2021\/10\/coronavirus-5-webdealta.png","jetpack_sharing_enabled":true,"jetpack_likes_enabled":true,"jetpack-related-posts":[],"jetpack_shortlink":"https:\/\/wp.me\/pcseDn-U5","_links":{"self":[{"href":"https:\/\/webdealta.info\/index.php?rest_route=\/wp\/v2\/posts\/3477","targetHints":{"allow":["GET"]}}],"collection":[{"href":"https:\/\/webdealta.info\/index.php?rest_route=\/wp\/v2\/posts"}],"about":[{"href":"https:\/\/webdealta.info\/index.php?rest_route=\/wp\/v2\/types\/post"}],"author":[{"embeddable":true,"href":"https:\/\/webdealta.info\/index.php?rest_route=\/wp\/v2\/users\/2"}],"replies":[{"embeddable":true,"href":"https:\/\/webdealta.info\/index.php?rest_route=%2Fwp%2Fv2%2Fcomments&post=3477"}],"version-history":[{"count":1,"href":"https:\/\/webdealta.info\/index.php?rest_route=\/wp\/v2\/posts\/3477\/revisions"}],"predecessor-version":[{"id":3479,"href":"https:\/\/webdealta.info\/index.php?rest_route=\/wp\/v2\/posts\/3477\/revisions\/3479"}],"wp:featuredmedia":[{"embeddable":true,"href":"https:\/\/webdealta.info\/index.php?rest_route=\/wp\/v2\/media\/3478"}],"wp:attachment":[{"href":"https:\/\/webdealta.info\/index.php?rest_route=%2Fwp%2Fv2%2Fmedia&parent=3477"}],"wp:term":[{"taxonomy":"category","embeddable":true,"href":"https:\/\/webdealta.info\/index.php?rest_route=%2Fwp%2Fv2%2Fcategories&post=3477"},{"taxonomy":"post_tag","embeddable":true,"href":"https:\/\/webdealta.info\/index.php?rest_route=%2Fwp%2Fv2%2Ftags&post=3477"}],"curies":[{"name":"wp","href":"https:\/\/api.w.org\/{rel}","templated":true}]}}