{"id":3466,"date":"2021-10-04T17:12:30","date_gmt":"2021-10-04T21:12:30","guid":{"rendered":"https:\/\/webdealta.info\/?p=3466"},"modified":"2021-10-04T17:12:32","modified_gmt":"2021-10-04T21:12:32","slug":"instituto-de-educacion-especial-cumplio-38-anos-de-fundado","status":"publish","type":"post","link":"https:\/\/webdealta.info\/?p=3466","title":{"rendered":"Instituto de Educaci\u00f3n Especial cumpli\u00f3 38 a\u00f1os de fundado"},"content":{"rendered":"\n<p>Amanda Saldivia.-<\/p>\n\n\n\n<p>El Instituto de Educaci\u00f3n Especial Altagracia est\u00e1 de aniversario n\u00famero 38 y la directora Marcia Vel\u00e1squez resalt\u00f3 la fecha, con un recordatorio a la valiosa labor desempe\u00f1ada por la profesora Olga Ram\u00edrez, lo que permiti\u00f3 que para el primero de octubre de 1983 esta poblaci\u00f3n guarique\u00f1a comenzara la atenci\u00f3n integral a los ni\u00f1os con necesidades especiales.<\/p>\n\n\n\n<p>Al ofrecer declaraciones a la Web de Altagracia, expres\u00f3 que son 38 a\u00f1os \u201cregalando amor, regalando sonrisas, cari\u00f1o, educaci\u00f3n, entregando y compartiendo todo ese amor y felicidad con todos esos ni\u00f1os, que lo que buscamos es la integraci\u00f3n social, emocional, laboral y que se desenvuelvan en su contexto\u201d.<\/p>\n\n\n\n<p>Igualmente ratific\u00f3 que la instituci\u00f3n busca integrarlos \u201cen su comunidad como una persona m\u00e1s, sin discriminaci\u00f3n y con la igualdad de condiciones en todos los \u00e1mbitos, ellos son parte fundamental de la sociedad en que vivimos todos, ser diferentes es algo com\u00fan y todos somos necesarios, como lo dice el eslogan de nuestra instituci\u00f3n\u201d.<\/p>\n\n\n\n<p>Aprovech\u00f3 la ocasi\u00f3n para agradecer el apoyo del personal, de la comunidad, padres y representantes, adem\u00e1s felicit\u00f3 a los ni\u00f1os y j\u00f3venes que conforman la familia del Instituto de Educaci\u00f3n Especial con una matr\u00edcula actual de 84 estudiantes, quienes son atendidos bajo la programaci\u00f3n de Cada Familia una Escuela, mientras esperan la reincorporaci\u00f3n a los espacios habituales.<\/p>\n\n\n\n<p>Por \u00faltimo, la profesora Marcia Vel\u00e1squez, reconoci\u00f3 el apoyo que recibe la instituci\u00f3n de parte del general Jimmy Betancourt y de Marisela De Angelis, en representaci\u00f3n de Promasorca, quienes permitieron la recuperaci\u00f3n del transporte escolar y el mantenimiento para seguir al servicio de la familia del Instituto de Educaci\u00f3n Especial Altagracia.<\/p>\n\n\n\n<p>@amandasaldivia<\/p>\n\n\n\n<p><\/p>\n","protected":false},"excerpt":{"rendered":"<p>Amanda Saldivia.- El Instituto de Educaci\u00f3n Especial Altagracia est\u00e1 de aniversario n\u00famero 38 y la directora Marcia Vel\u00e1squez resalt\u00f3 la fecha, con un recordatorio a la valiosa labor desempe\u00f1ada por la profesora Olga Ram\u00edrez, lo que permiti\u00f3 que para el primero de octubre de 1983 esta poblaci\u00f3n guarique\u00f1a comenzara la<\/p>\n","protected":false},"author":2,"featured_media":3467,"comment_status":"open","ping_status":"open","sticky":false,"template":"","format":"standard","meta":{"advanced_seo_description":"","jetpack_seo_html_title":"","jetpack_seo_noindex":false,"_jetpack_memberships_contains_paid_content":false,"footnotes":"","jetpack_publicize_message":"","jetpack_publicize_feature_enabled":true,"jetpack_social_post_already_shared":true,"jetpack_social_options":{"image_generator_settings":{"template":"highway","enabled":false},"version":2}},"categories":[117],"tags":[8,7,32],"class_list":["post-3466","post","type-post","status-publish","format-standard","has-post-thumbnail","hentry","category-celebracion","tag-altagraciadeorituco","tag-guarico","tag-webdealta",""],"jetpack_publicize_connections":[],"jetpack_featured_media_url":"https:\/\/webdealta.info\/wp-content\/uploads\/2021\/10\/escuela-especial-webdealta.jpg","jetpack_sharing_enabled":true,"jetpack_likes_enabled":true,"jetpack-related-posts":[],"jetpack_shortlink":"https:\/\/wp.me\/pcseDn-TU","_links":{"self":[{"href":"https:\/\/webdealta.info\/index.php?rest_route=\/wp\/v2\/posts\/3466","targetHints":{"allow":["GET"]}}],"collection":[{"href":"https:\/\/webdealta.info\/index.php?rest_route=\/wp\/v2\/posts"}],"about":[{"href":"https:\/\/webdealta.info\/index.php?rest_route=\/wp\/v2\/types\/post"}],"author":[{"embeddable":true,"href":"https:\/\/webdealta.info\/index.php?rest_route=\/wp\/v2\/users\/2"}],"replies":[{"embeddable":true,"href":"https:\/\/webdealta.info\/index.php?rest_route=%2Fwp%2Fv2%2Fcomments&post=3466"}],"version-history":[{"count":1,"href":"https:\/\/webdealta.info\/index.php?rest_route=\/wp\/v2\/posts\/3466\/revisions"}],"predecessor-version":[{"id":3468,"href":"https:\/\/webdealta.info\/index.php?rest_route=\/wp\/v2\/posts\/3466\/revisions\/3468"}],"wp:featuredmedia":[{"embeddable":true,"href":"https:\/\/webdealta.info\/index.php?rest_route=\/wp\/v2\/media\/3467"}],"wp:attachment":[{"href":"https:\/\/webdealta.info\/index.php?rest_route=%2Fwp%2Fv2%2Fmedia&parent=3466"}],"wp:term":[{"taxonomy":"category","embeddable":true,"href":"https:\/\/webdealta.info\/index.php?rest_route=%2Fwp%2Fv2%2Fcategories&post=3466"},{"taxonomy":"post_tag","embeddable":true,"href":"https:\/\/webdealta.info\/index.php?rest_route=%2Fwp%2Fv2%2Ftags&post=3466"}],"curies":[{"name":"wp","href":"https:\/\/api.w.org\/{rel}","templated":true}]}}