{"id":3446,"date":"2021-10-03T12:24:51","date_gmt":"2021-10-03T16:24:51","guid":{"rendered":"https:\/\/webdealta.info\/?p=3446"},"modified":"2021-10-03T12:24:53","modified_gmt":"2021-10-03T16:24:53","slug":"en-la-escuela-jesus-bandres-no-hay-condiciones-para-clases-presenciales","status":"publish","type":"post","link":"https:\/\/webdealta.info\/?p=3446","title":{"rendered":"En la escuela Jes\u00fas Bandr\u00e9s no hay condiciones para clases presenciales"},"content":{"rendered":"\n<p>Amanda Saldivia.-<\/p>\n\n\n\n<p>El anuncio de clases presenciales en octubre genera pol\u00e9mica desde distintos \u00e1ngulos, entre ellos est\u00e1 la pandemia, los bajos salarios del personal, quienes no tienen un seguro de HCM para enfrentar una emergencia de salud, adem\u00e1s de las condiciones de la planta f\u00edsica de la mayor\u00eda de las escuelas del pa\u00eds, entre ellas la Jes\u00fas Bandres, ubicada en la parroquia Lezama, municipio Jos\u00e9 Tadeo Monagas, estado Gu\u00e1rico.<\/p>\n\n\n\n<p>Esta instituci\u00f3n educativa fundada en el a\u00f1o 1947 y con una matr\u00edcula actual de 550 estudiantes desde los niveles de inicial a bachillerato, muestra un marcado deterioro en las edificaciones que la componen.<\/p>\n\n\n\n<p>Josefina Luna, maestra jubilada y quien por a\u00f1os se desempe\u00f1\u00f3 como directora de esta escuela, comparti\u00f3 las fotograf\u00edas que muestran el deterioro del plantel, entre las que se pueden apreciar grietas en paredes, techos con filtraciones, la mayor\u00eda de los salones sin energ\u00eda el\u00e9ctrica y maleza por doquier.<\/p>\n\n\n\n<p>Como es natural, Josefina Luna, como ex directora y habitante de la poblaci\u00f3n de Lezama, se preocupa al observar el deterioro de la escuela en la cual trabaj\u00f3 por tantos a\u00f1os y destaca que el personal es excelente, \u201ctodos maestros graduados, la mayor\u00eda con posgrado, da dolor ver la escuela as\u00ed, hasta ramas de los \u00e1rboles sobre los techos, llena de monte\u201d.<\/p>\n\n\n\n<figure class=\"wp-block-image size-large\"><img loading=\"lazy\" decoding=\"async\" width=\"1024\" height=\"546\" src=\"https:\/\/webdealta.info\/wp-content\/uploads\/2021\/10\/jesus-bandres-2-webdealta-1024x546.png\" alt=\"\" class=\"wp-image-3448\" srcset=\"https:\/\/webdealta.info\/wp-content\/uploads\/2021\/10\/jesus-bandres-2-webdealta.png 1024w, https:\/\/webdealta.info\/wp-content\/uploads\/2021\/10\/jesus-bandres-2-webdealta.png 300w, https:\/\/webdealta.info\/wp-content\/uploads\/2021\/10\/jesus-bandres-2-webdealta.png 768w, https:\/\/webdealta.info\/wp-content\/uploads\/2021\/10\/jesus-bandres-2-webdealta.png 1170w, https:\/\/webdealta.info\/wp-content\/uploads\/2021\/10\/jesus-bandres-2-webdealta.png 1500w, https:\/\/webdealta.info\/wp-content\/uploads\/2021\/10\/jesus-bandres-2-webdealta.png 1280w\" sizes=\"auto, (max-width: 640px) 100vw, 640px\" \/><figcaption>Urgente el mantenimiento<\/figcaption><\/figure>\n\n\n\n<p>Por \u00faltimo, destac\u00f3 que gracias a la inversi\u00f3n de Fudep tienen al menos agua en la cocina y ba\u00f1os, pero aclar\u00f3 que sin tratamiento, porque el acueducto no tiene planta potabilizadora.<\/p>\n\n\n\n<p>@amandasaldivia<\/p>\n\n\n\n<p><\/p>\n","protected":false},"excerpt":{"rendered":"<p>Amanda Saldivia.- El anuncio de clases presenciales en octubre genera pol\u00e9mica desde distintos \u00e1ngulos, entre ellos est\u00e1 la pandemia, los bajos salarios del personal, quienes no tienen un seguro de HCM para enfrentar una emergencia de salud, adem\u00e1s de las condiciones de la planta f\u00edsica de la mayor\u00eda de las<\/p>\n","protected":false},"author":2,"featured_media":3447,"comment_status":"open","ping_status":"open","sticky":false,"template":"","format":"standard","meta":{"advanced_seo_description":"","jetpack_seo_html_title":"","jetpack_seo_noindex":false,"_jetpack_memberships_contains_paid_content":false,"footnotes":"","jetpack_publicize_message":"","jetpack_publicize_feature_enabled":true,"jetpack_social_post_already_shared":true,"jetpack_social_options":{"image_generator_settings":{"template":"highway","enabled":false},"version":2}},"categories":[151],"tags":[8,7,32],"class_list":["post-3446","post","type-post","status-publish","format-standard","has-post-thumbnail","hentry","category-educacion","tag-altagraciadeorituco","tag-guarico","tag-webdealta",""],"jetpack_publicize_connections":[],"jetpack_featured_media_url":"https:\/\/webdealta.info\/wp-content\/uploads\/2021\/10\/jesus-bandres-1-webdealta.png","jetpack_sharing_enabled":true,"jetpack_likes_enabled":true,"jetpack-related-posts":[],"jetpack_shortlink":"https:\/\/wp.me\/pcseDn-TA","_links":{"self":[{"href":"https:\/\/webdealta.info\/index.php?rest_route=\/wp\/v2\/posts\/3446","targetHints":{"allow":["GET"]}}],"collection":[{"href":"https:\/\/webdealta.info\/index.php?rest_route=\/wp\/v2\/posts"}],"about":[{"href":"https:\/\/webdealta.info\/index.php?rest_route=\/wp\/v2\/types\/post"}],"author":[{"embeddable":true,"href":"https:\/\/webdealta.info\/index.php?rest_route=\/wp\/v2\/users\/2"}],"replies":[{"embeddable":true,"href":"https:\/\/webdealta.info\/index.php?rest_route=%2Fwp%2Fv2%2Fcomments&post=3446"}],"version-history":[{"count":1,"href":"https:\/\/webdealta.info\/index.php?rest_route=\/wp\/v2\/posts\/3446\/revisions"}],"predecessor-version":[{"id":3449,"href":"https:\/\/webdealta.info\/index.php?rest_route=\/wp\/v2\/posts\/3446\/revisions\/3449"}],"wp:featuredmedia":[{"embeddable":true,"href":"https:\/\/webdealta.info\/index.php?rest_route=\/wp\/v2\/media\/3447"}],"wp:attachment":[{"href":"https:\/\/webdealta.info\/index.php?rest_route=%2Fwp%2Fv2%2Fmedia&parent=3446"}],"wp:term":[{"taxonomy":"category","embeddable":true,"href":"https:\/\/webdealta.info\/index.php?rest_route=%2Fwp%2Fv2%2Fcategories&post=3446"},{"taxonomy":"post_tag","embeddable":true,"href":"https:\/\/webdealta.info\/index.php?rest_route=%2Fwp%2Fv2%2Ftags&post=3446"}],"curies":[{"name":"wp","href":"https:\/\/api.w.org\/{rel}","templated":true}]}}