{"id":3424,"date":"2021-10-01T16:30:36","date_gmt":"2021-10-01T20:30:36","guid":{"rendered":"https:\/\/webdealta.info\/?p=3424"},"modified":"2021-10-01T16:33:17","modified_gmt":"2021-10-01T20:33:17","slug":"contadores-honraron-memoria-de-elisenda-tovar-arias","status":"publish","type":"post","link":"https:\/\/webdealta.info\/?p=3424","title":{"rendered":"Contadores honraron memoria de Elisenda Tovar Arias"},"content":{"rendered":"\n<p>Amanda Saldivia.-<\/p>\n\n\n\n<p>En el marco del 48 aniversario del Colegio de Contadores P\u00fablicos de Venezuela, los profesionales de esa \u00e1rea en Altagracia de Orituco, Gu\u00e1rico, se reunieron para participar en talleres de formaci\u00f3n y rendirle un homenaje a la memoria de la licenciada Elisenda Tovar Arias, Contador P\u00fablico de esta localidad, quien no solo se destac\u00f3 en ese \u00e1mbito, sino tambi\u00e9n como profesora universitaria, asesora de la C\u00e1mara de Comercio, por su actividad ligada a la Iglesia Nuestra Se\u00f1ora de Altagracia y otras labores de \u00edndole social.<\/p>\n\n\n\n<p>En medio de la jornada, realizada este jueves 30 de septiembre, a la cual asisti\u00f3 Leonardo P\u00e1rraga, presidente del Colegio de Contadores del estado Gu\u00e1rico, fue difundido un video realizado por el equipo de Nancheska Betancourt, licenciada en Contadur\u00eda y conductora del espacio Tributos al D\u00eda, en el cual se mostraron testimoniales de representantes de gremios locales que expresaron las virtudes humanas y profesionales de Elisenda Tovar.<\/p>\n\n\n\n<p>Igualmente, la familia Tovar Arias, representada por el Dr. Juan Jos\u00e9 Tovar, recibi\u00f3 la Orden al M\u00e9rito por parte del Colegio de Contadores P\u00fablicos del estado Gu\u00e1rico para honrar la memoria de tan destacada profesional, quien parti\u00f3 f\u00edsicamente en mayo de 2021 y siempre fue pilar fundamental para el ejercicio en el municipio Monagas.<\/p>\n\n\n\n<p>Posterior al homenaje, se realiz\u00f3 un taller de formaci\u00f3n en el \u00e1rea de reconversi\u00f3n monetaria y el abordaje de otros temas propios del ejercicio profesional, con miras a consolidar la delegaci\u00f3n del Colegio de Contadores P\u00fablicos en el municipio Monagas.<\/p>\n\n\n\n<p>@amandasaldivia<\/p>\n\n\n\n<p><\/p>\n","protected":false},"excerpt":{"rendered":"<p>Amanda Saldivia.- En el marco del 48 aniversario del Colegio de Contadores P\u00fablicos de Venezuela, los profesionales de esa \u00e1rea en Altagracia de Orituco, Gu\u00e1rico, se reunieron para participar en talleres de formaci\u00f3n y rendirle un homenaje a la memoria de la licenciada Elisenda Tovar Arias, Contador P\u00fablico de esta<\/p>\n","protected":false},"author":2,"featured_media":3425,"comment_status":"open","ping_status":"open","sticky":false,"template":"","format":"standard","meta":{"advanced_seo_description":"","jetpack_seo_html_title":"","jetpack_seo_noindex":false,"_jetpack_memberships_contains_paid_content":false,"footnotes":"","jetpack_publicize_message":"","jetpack_publicize_feature_enabled":true,"jetpack_social_post_already_shared":true,"jetpack_social_options":{"image_generator_settings":{"template":"highway","enabled":false},"version":2}},"categories":[288],"tags":[8,7,32],"class_list":["post-3424","post","type-post","status-publish","format-standard","has-post-thumbnail","hentry","category-jornada-gremial","tag-altagraciadeorituco","tag-guarico","tag-webdealta",""],"jetpack_publicize_connections":[],"jetpack_featured_media_url":"https:\/\/webdealta.info\/wp-content\/uploads\/2021\/10\/contadores-webdealta.jpg","jetpack_sharing_enabled":true,"jetpack_likes_enabled":true,"jetpack-related-posts":[],"jetpack_shortlink":"https:\/\/wp.me\/pcseDn-Te","_links":{"self":[{"href":"https:\/\/webdealta.info\/index.php?rest_route=\/wp\/v2\/posts\/3424","targetHints":{"allow":["GET"]}}],"collection":[{"href":"https:\/\/webdealta.info\/index.php?rest_route=\/wp\/v2\/posts"}],"about":[{"href":"https:\/\/webdealta.info\/index.php?rest_route=\/wp\/v2\/types\/post"}],"author":[{"embeddable":true,"href":"https:\/\/webdealta.info\/index.php?rest_route=\/wp\/v2\/users\/2"}],"replies":[{"embeddable":true,"href":"https:\/\/webdealta.info\/index.php?rest_route=%2Fwp%2Fv2%2Fcomments&post=3424"}],"version-history":[{"count":2,"href":"https:\/\/webdealta.info\/index.php?rest_route=\/wp\/v2\/posts\/3424\/revisions"}],"predecessor-version":[{"id":3428,"href":"https:\/\/webdealta.info\/index.php?rest_route=\/wp\/v2\/posts\/3424\/revisions\/3428"}],"wp:featuredmedia":[{"embeddable":true,"href":"https:\/\/webdealta.info\/index.php?rest_route=\/wp\/v2\/media\/3425"}],"wp:attachment":[{"href":"https:\/\/webdealta.info\/index.php?rest_route=%2Fwp%2Fv2%2Fmedia&parent=3424"}],"wp:term":[{"taxonomy":"category","embeddable":true,"href":"https:\/\/webdealta.info\/index.php?rest_route=%2Fwp%2Fv2%2Fcategories&post=3424"},{"taxonomy":"post_tag","embeddable":true,"href":"https:\/\/webdealta.info\/index.php?rest_route=%2Fwp%2Fv2%2Ftags&post=3424"}],"curies":[{"name":"wp","href":"https:\/\/api.w.org\/{rel}","templated":true}]}}