{"id":3408,"date":"2021-09-28T22:41:43","date_gmt":"2021-09-29T02:41:43","guid":{"rendered":"https:\/\/webdealta.info\/?p=3408"},"modified":"2021-09-28T22:41:46","modified_gmt":"2021-09-29T02:41:46","slug":"altagracia-unida-por-la-fe-dia-de-san-miguel-arcangel","status":"publish","type":"post","link":"https:\/\/webdealta.info\/?p=3408","title":{"rendered":"Altagracia unida por la fe: D\u00eda de San Miguel Arc\u00e1ngel"},"content":{"rendered":"\n<p>Amanda Saldivia.-<\/p>\n\n\n\n<p>San Miguel Arc\u00e1ngel, es el protector, el que nos cuida de las acechanzas del mal. El Capit\u00e1n de las Milicias Celestiales, como lo define la iglesia cat\u00f3lica, es el Santo Patrono de Altagracia de Orituco y este 29 de septiembre con las restricciones propias de la pandemia habr\u00e1 paseo c\u00edvico, tres eucarist\u00edas y serenata a las afueras de la iglesia Nuestra Se\u00f1ora de Altagracia.<\/p>\n\n\n\n<p>En el programa difundido por el equipo pastoral de la parroquia, a cargo del padre Cruz Mujica, figura a las 5:00 am paseo c\u00edvico, a las 8:00 am la primera eucar\u00edstica, la segunda a las 10:00 am y cierran con otra misa a las 5:00 pm, cada una con un aforo m\u00e1ximo de 80 personas.<\/p>\n\n\n\n<p>Por su parte, directivos de la C\u00e1mara de Comercio, Industria y Producci\u00f3n del Municipio Monagas, decidieron organizar una Serenata al Patrono de esta poblaci\u00f3n, la cual ser\u00e1 al culminar la misa de las 10:00 am y se extender\u00e1 hasta las 5:00 pm como pre\u00e1mbulo a la \u00faltima eucarist\u00eda anunciada.<\/p>\n\n\n\n<p>El esfuerzo del sector comercial est\u00e1 enfocado en la necesidad de resaltar la fecha, la cual con los altibajos del acontecer econ\u00f3mico y ahora con la pandemia no tiene la notoriedad que la caracterizaba, porque antes se realizaban fiestas patronales y posteriormente Ferias Tur\u00edsticas y Agropecuarias que motorizaban la actividad en esta poblaci\u00f3n, al tiempo que se cultivaba la fe entre los cristianos.<\/p>\n\n\n\n<p>Algunos textos plasman que la primera fiesta patronal en honor a San Miguel Arc\u00e1ngel se celebr\u00f3 en Altagracia de Orituco en el a\u00f1o 1927 y ah\u00ed fue estrenado el himno en su nombre, letra del poeta Jos\u00e9 Antonio Hurtado Ascanio y m\u00fasica del maestro Jos\u00e9 Calixto Mor\u00edn. A continuaci\u00f3n el himno a San Miguel:<\/p>\n\n\n\n<p>Coro:<\/p>\n\n\n\n<p>Gloria eterna a la virgen Mar\u00eda<\/p>\n\n\n\n<p>y al Arc\u00e1ngel feliz San Miguel,<\/p>\n\n\n\n<p>que vencieron con noble porf\u00eda<\/p>\n\n\n\n<p>la acechanza del fiero Luzbel.<\/p>\n\n\n\n<p>Solo:<\/p>\n\n\n\n<p>Al conjuro ideal de la gracia<\/p>\n\n\n\n<p>que difunde su luz celestial,<\/p>\n\n\n\n<p>jubilosa celebra Altagracia<\/p>\n\n\n\n<p>su primer festival patronal.<\/p>\n\n\n\n<p><\/p>\n\n\n\n<p>San Miguel el celoso guerrero<\/p>\n\n\n\n<p>enfrentado al horrible drag\u00f3n,<\/p>\n\n\n\n<p>ha empe\u00f1ado el combate m\u00e1s fiero<\/p>\n\n\n\n<p>y defiende nuestro coraz\u00f3n.<\/p>\n\n\n\n<p><\/p>\n\n\n\n<p>Y la virgen de Lourdes bendita<\/p>\n\n\n\n<p>que a la margen del Gave surgi\u00f3,<\/p>\n\n\n\n<p>nos envuelve en su gracia infinita<\/p>\n\n\n\n<p>y nos libra del fiero dolor.<\/p>\n\n\n\n<p><\/p>\n\n\n\n<p>Es por eso que nuestra esperanza<\/p>\n\n\n\n<p>tiene un halo de n\u00edtida luz,<\/p>\n\n\n\n<p>\u00bfqui\u00e9n teniendo tan prodiga alianza<\/p>\n\n\n\n<p>no se eleva hasta el c\u00e1ndido azul?<\/p>\n\n\n\n<p><\/p>\n","protected":false},"excerpt":{"rendered":"<p>Amanda Saldivia.- San Miguel Arc\u00e1ngel, es el protector, el que nos cuida de las acechanzas del mal. El Capit\u00e1n de las Milicias Celestiales, como lo define la iglesia cat\u00f3lica, es el Santo Patrono de Altagracia de Orituco y este 29 de septiembre con las restricciones propias de la pandemia habr\u00e1<\/p>\n","protected":false},"author":2,"featured_media":3409,"comment_status":"open","ping_status":"open","sticky":false,"template":"","format":"standard","meta":{"advanced_seo_description":"","jetpack_seo_html_title":"","jetpack_seo_noindex":false,"_jetpack_memberships_contains_paid_content":false,"footnotes":"","jetpack_publicize_message":"","jetpack_publicize_feature_enabled":true,"jetpack_social_post_already_shared":true,"jetpack_social_options":{"image_generator_settings":{"template":"highway","enabled":false},"version":2}},"categories":[42],"tags":[8,7,32],"class_list":["post-3408","post","type-post","status-publish","format-standard","has-post-thumbnail","hentry","category-iglesia-catolica","tag-altagraciadeorituco","tag-guarico","tag-webdealta",""],"jetpack_publicize_connections":[],"jetpack_featured_media_url":"https:\/\/webdealta.info\/wp-content\/uploads\/2021\/09\/San-Miguel-webdealta.png","jetpack_sharing_enabled":true,"jetpack_likes_enabled":true,"jetpack-related-posts":[],"jetpack_shortlink":"https:\/\/wp.me\/pcseDn-SY","_links":{"self":[{"href":"https:\/\/webdealta.info\/index.php?rest_route=\/wp\/v2\/posts\/3408","targetHints":{"allow":["GET"]}}],"collection":[{"href":"https:\/\/webdealta.info\/index.php?rest_route=\/wp\/v2\/posts"}],"about":[{"href":"https:\/\/webdealta.info\/index.php?rest_route=\/wp\/v2\/types\/post"}],"author":[{"embeddable":true,"href":"https:\/\/webdealta.info\/index.php?rest_route=\/wp\/v2\/users\/2"}],"replies":[{"embeddable":true,"href":"https:\/\/webdealta.info\/index.php?rest_route=%2Fwp%2Fv2%2Fcomments&post=3408"}],"version-history":[{"count":1,"href":"https:\/\/webdealta.info\/index.php?rest_route=\/wp\/v2\/posts\/3408\/revisions"}],"predecessor-version":[{"id":3410,"href":"https:\/\/webdealta.info\/index.php?rest_route=\/wp\/v2\/posts\/3408\/revisions\/3410"}],"wp:featuredmedia":[{"embeddable":true,"href":"https:\/\/webdealta.info\/index.php?rest_route=\/wp\/v2\/media\/3409"}],"wp:attachment":[{"href":"https:\/\/webdealta.info\/index.php?rest_route=%2Fwp%2Fv2%2Fmedia&parent=3408"}],"wp:term":[{"taxonomy":"category","embeddable":true,"href":"https:\/\/webdealta.info\/index.php?rest_route=%2Fwp%2Fv2%2Fcategories&post=3408"},{"taxonomy":"post_tag","embeddable":true,"href":"https:\/\/webdealta.info\/index.php?rest_route=%2Fwp%2Fv2%2Ftags&post=3408"}],"curies":[{"name":"wp","href":"https:\/\/api.w.org\/{rel}","templated":true}]}}