{"id":3393,"date":"2021-09-27T00:24:04","date_gmt":"2021-09-27T04:24:04","guid":{"rendered":"https:\/\/webdealta.info\/?p=3393"},"modified":"2021-09-27T00:24:06","modified_gmt":"2021-09-27T04:24:06","slug":"en-el-olvido-tramo-paso-real-de-macaira-chaguaramas","status":"publish","type":"post","link":"https:\/\/webdealta.info\/?p=3393","title":{"rendered":"En el olvido tramo Paso Real de Macaira &#8211; Chaguaramas"},"content":{"rendered":"\n<p>Amanda Saldivia.-<\/p>\n\n\n\n<p>Reducci\u00f3n del n\u00famero de unidades para el traslado de pasajeros, da\u00f1os mec\u00e1nicos y aumento de las horas para cubrir la ruta, figuran entre los principales impactos que causa el deterioro de la vialidad del tramo Paso Real de Macaira \u2013 Chaguaramas, estado Gu\u00e1rico, el cual no recibe mantenimiento desde hace m\u00e1s de 15 a\u00f1os.<\/p>\n\n\n\n<p>Se acuerdo a lo expresado por Rosa Hern\u00e1ndez, presidente de la l\u00ednea Valles del Tuy, la cual cubre la ruta Altagracia de Orituco \u2013 Valle de la Pascua, el mal estado de la vialidad no es nuevo, pero a medida que avanza el deterioro han tenido que tomar decisiones, entre ellas limitar los viajes solo a tres veces por semana y una sola unidad, mientras antes eran hasta cuatro por jornada de lunes a domingo.<\/p>\n\n\n\n<p>Mencion\u00f3, que como directivos de la l\u00ednea realizaron hace dos a\u00f1os gestiones ante la gobernaci\u00f3n del estado Gu\u00e1rico, pero sin resultados positivos. Esto gener\u00f3 algunas iniciativas con productores de la zona para paliar la situaci\u00f3n, como lo fue la colocaci\u00f3n de material reciclado y granz\u00f3n en tramos espec\u00edficos, que aunque no resolvieron el problema, al menos mitig\u00f3 el impacto en la unidades, ya que la intenci\u00f3n es mantener la ruta a la espera de que la situaci\u00f3n cambie.<\/p>\n\n\n\n<p>Por otra parte, Jos\u00e9 Caldera, secretario de organizaci\u00f3n de la l\u00ednea, explic\u00f3 que en a\u00f1os anteriores recorrer esa v\u00eda para trasladar pasajeros a Valle de la Pascua tomaba aproximadamente dos horas con treinta minutos, pero en las circunstancias actuales se supera las cuatro horas, porque adem\u00e1s est\u00e1 la parada que hace la Guardia Nacional en el punto de control de Cujialote.<\/p>\n\n\n\n<p>La entrevista completa a los directivos de la l\u00ednea Valles del Tuy en el canal de YouTube de la Web de Altagracia.<\/p>\n\n\n\n<figure class=\"wp-block-embed is-type-video is-provider-youtube wp-block-embed-youtube wp-embed-aspect-16-9 wp-has-aspect-ratio\"><div class=\"wp-block-embed__wrapper\">\n<iframe loading=\"lazy\" title=\"Mal estado de la vialidad afecta transporte colectivo\" width=\"640\" height=\"360\" src=\"https:\/\/www.youtube.com\/embed\/JbVjFrmajqU?start=218&#038;feature=oembed\" frameborder=\"0\" allow=\"accelerometer; autoplay; clipboard-write; encrypted-media; gyroscope; picture-in-picture; web-share\" referrerpolicy=\"strict-origin-when-cross-origin\" allowfullscreen><\/iframe>\n<\/div><\/figure>\n","protected":false},"excerpt":{"rendered":"<p>Amanda Saldivia.- Reducci\u00f3n del n\u00famero de unidades para el traslado de pasajeros, da\u00f1os mec\u00e1nicos y aumento de las horas para cubrir la ruta, figuran entre los principales impactos que causa el deterioro de la vialidad del tramo Paso Real de Macaira \u2013 Chaguaramas, estado Gu\u00e1rico, el cual no recibe mantenimiento<\/p>\n","protected":false},"author":2,"featured_media":3394,"comment_status":"open","ping_status":"open","sticky":false,"template":"","format":"standard","meta":{"advanced_seo_description":"","jetpack_seo_html_title":"","jetpack_seo_noindex":false,"_jetpack_memberships_contains_paid_content":false,"footnotes":"","jetpack_publicize_message":"","jetpack_publicize_feature_enabled":true,"jetpack_social_post_already_shared":true,"jetpack_social_options":{"image_generator_settings":{"template":"highway","enabled":false},"version":2}},"categories":[16],"tags":[8,7,32],"class_list":["post-3393","post","type-post","status-publish","format-standard","has-post-thumbnail","hentry","category-vialidad","tag-altagraciadeorituco","tag-guarico","tag-webdealta",""],"jetpack_publicize_connections":[],"jetpack_featured_media_url":"https:\/\/webdealta.info\/wp-content\/uploads\/2021\/09\/carretera-webdealta-chaguaramas-1.jpg","jetpack_sharing_enabled":true,"jetpack_likes_enabled":true,"jetpack-related-posts":[],"jetpack_shortlink":"https:\/\/wp.me\/pcseDn-SJ","_links":{"self":[{"href":"https:\/\/webdealta.info\/index.php?rest_route=\/wp\/v2\/posts\/3393","targetHints":{"allow":["GET"]}}],"collection":[{"href":"https:\/\/webdealta.info\/index.php?rest_route=\/wp\/v2\/posts"}],"about":[{"href":"https:\/\/webdealta.info\/index.php?rest_route=\/wp\/v2\/types\/post"}],"author":[{"embeddable":true,"href":"https:\/\/webdealta.info\/index.php?rest_route=\/wp\/v2\/users\/2"}],"replies":[{"embeddable":true,"href":"https:\/\/webdealta.info\/index.php?rest_route=%2Fwp%2Fv2%2Fcomments&post=3393"}],"version-history":[{"count":1,"href":"https:\/\/webdealta.info\/index.php?rest_route=\/wp\/v2\/posts\/3393\/revisions"}],"predecessor-version":[{"id":3395,"href":"https:\/\/webdealta.info\/index.php?rest_route=\/wp\/v2\/posts\/3393\/revisions\/3395"}],"wp:featuredmedia":[{"embeddable":true,"href":"https:\/\/webdealta.info\/index.php?rest_route=\/wp\/v2\/media\/3394"}],"wp:attachment":[{"href":"https:\/\/webdealta.info\/index.php?rest_route=%2Fwp%2Fv2%2Fmedia&parent=3393"}],"wp:term":[{"taxonomy":"category","embeddable":true,"href":"https:\/\/webdealta.info\/index.php?rest_route=%2Fwp%2Fv2%2Fcategories&post=3393"},{"taxonomy":"post_tag","embeddable":true,"href":"https:\/\/webdealta.info\/index.php?rest_route=%2Fwp%2Fv2%2Ftags&post=3393"}],"curies":[{"name":"wp","href":"https:\/\/api.w.org\/{rel}","templated":true}]}}