{"id":3320,"date":"2021-09-21T19:48:44","date_gmt":"2021-09-21T23:48:44","guid":{"rendered":"https:\/\/webdealta.info\/?p=3320"},"modified":"2021-09-21T19:48:47","modified_gmt":"2021-09-21T23:48:47","slug":"altagracia-se-va-el-provincial-luego-de-34-anos","status":"publish","type":"post","link":"https:\/\/webdealta.info\/?p=3320","title":{"rendered":"Altagracia: se va el Provincial luego de 34 a\u00f1os"},"content":{"rendered":"\n<p>Amanda Saldivia.-<\/p>\n\n\n\n<p>Pablo Rojas, presidente de la C\u00e1mara de Comercio del municipio Jos\u00e9 Tadeo Monagas, Gu\u00e1rico, confirm\u00f3 que luego de 34 a\u00f1os la sede del Banco Provincial, ubicada en Altagracia de Orituco, ser\u00e1 cerrada como parte de una pol\u00edtica que lleva adelante esa entidad en el \u00e1mbito nacional, producto de la ca\u00edda en el negocio de captar fondos y otorgar cr\u00e9ditos a sus clientes, entre otros factores econ\u00f3micos.<\/p>\n\n\n\n<p>Las declaraciones las ofreci\u00f3, en la tarde de este martes 21 de septiembre, en el programa Tiempo de Cambios que conduce la redactora de esta nota y que es transmitido por la emisora Guara\u00f1a 97.5 FM, donde adem\u00e1s asever\u00f3 que el gremio har\u00e1 un pronunciamiento en contra de la decisi\u00f3n, motivo por el cual ya est\u00e1n en conversaciones con Fedec\u00e1maras Gu\u00e1rico para elevar el planteamiento.<\/p>\n\n\n\n<p>Agreg\u00f3 que entre los argumentos expresados por personal de la entidad bancaria, est\u00e1 que no operar\u00e1n m\u00e1s en plazas donde la sede no sea propia y esto gener\u00f3 especulaciones sobre el supuesto elevado canon de arrendamiento, lo que fue desmentido por Pablo Rojas, quien dijo haberse comunicado con la administradora del inmueble.<\/p>\n\n\n\n<p>Durante el desarrollo del programa, se convers\u00f3 sobre el impacto para los usuarios del banco, cuyas cuentas ser\u00e1n trasladadas a la sede de Valle de la Pascua y quienes ante cualquier tr\u00e1mite deber\u00e1n ir hasta esa poblaci\u00f3n guarique\u00f1a a trav\u00e9s de v\u00edas deterioradas. Igualmente, hubo expresiones de solidaridad hacia los empleados, porque aunque les est\u00e1n ofreciendo otras opciones, son afectados por la medida.<\/p>\n\n\n\n<p>Pudimos conocer que todav\u00eda queda apelar ante la Sudeban, raz\u00f3n por la cual hay un movimiento ciudadano en torno a solicitar v\u00eda redes sociales que la medida no se aplique en esta regi\u00f3n.<\/p>\n\n\n\n<p>@amandasaldivia<\/p>\n\n\n\n<p><\/p>\n","protected":false},"excerpt":{"rendered":"<p>Amanda Saldivia.- Pablo Rojas, presidente de la C\u00e1mara de Comercio del municipio Jos\u00e9 Tadeo Monagas, Gu\u00e1rico, confirm\u00f3 que luego de 34 a\u00f1os la sede del Banco Provincial, ubicada en Altagracia de Orituco, ser\u00e1 cerrada como parte de una pol\u00edtica que lleva adelante esa entidad en el \u00e1mbito nacional, producto de<\/p>\n","protected":false},"author":2,"featured_media":3321,"comment_status":"open","ping_status":"open","sticky":false,"template":"","format":"standard","meta":{"advanced_seo_description":"","jetpack_seo_html_title":"","jetpack_seo_noindex":false,"_jetpack_memberships_contains_paid_content":false,"footnotes":"","jetpack_publicize_message":"","jetpack_publicize_feature_enabled":true,"jetpack_social_post_already_shared":true,"jetpack_social_options":{"image_generator_settings":{"template":"highway","enabled":false},"version":2}},"categories":[265],"tags":[8,7,32],"class_list":["post-3320","post","type-post","status-publish","format-standard","has-post-thumbnail","hentry","category-banca-y-negocios","tag-altagraciadeorituco","tag-guarico","tag-webdealta",""],"jetpack_publicize_connections":[],"jetpack_featured_media_url":"https:\/\/webdealta.info\/wp-content\/uploads\/2021\/09\/provincial.jpg","jetpack_sharing_enabled":true,"jetpack_likes_enabled":true,"jetpack-related-posts":[],"jetpack_shortlink":"https:\/\/wp.me\/pcseDn-Ry","_links":{"self":[{"href":"https:\/\/webdealta.info\/index.php?rest_route=\/wp\/v2\/posts\/3320","targetHints":{"allow":["GET"]}}],"collection":[{"href":"https:\/\/webdealta.info\/index.php?rest_route=\/wp\/v2\/posts"}],"about":[{"href":"https:\/\/webdealta.info\/index.php?rest_route=\/wp\/v2\/types\/post"}],"author":[{"embeddable":true,"href":"https:\/\/webdealta.info\/index.php?rest_route=\/wp\/v2\/users\/2"}],"replies":[{"embeddable":true,"href":"https:\/\/webdealta.info\/index.php?rest_route=%2Fwp%2Fv2%2Fcomments&post=3320"}],"version-history":[{"count":1,"href":"https:\/\/webdealta.info\/index.php?rest_route=\/wp\/v2\/posts\/3320\/revisions"}],"predecessor-version":[{"id":3322,"href":"https:\/\/webdealta.info\/index.php?rest_route=\/wp\/v2\/posts\/3320\/revisions\/3322"}],"wp:featuredmedia":[{"embeddable":true,"href":"https:\/\/webdealta.info\/index.php?rest_route=\/wp\/v2\/media\/3321"}],"wp:attachment":[{"href":"https:\/\/webdealta.info\/index.php?rest_route=%2Fwp%2Fv2%2Fmedia&parent=3320"}],"wp:term":[{"taxonomy":"category","embeddable":true,"href":"https:\/\/webdealta.info\/index.php?rest_route=%2Fwp%2Fv2%2Fcategories&post=3320"},{"taxonomy":"post_tag","embeddable":true,"href":"https:\/\/webdealta.info\/index.php?rest_route=%2Fwp%2Fv2%2Ftags&post=3320"}],"curies":[{"name":"wp","href":"https:\/\/api.w.org\/{rel}","templated":true}]}}