{"id":3307,"date":"2021-09-20T15:50:56","date_gmt":"2021-09-20T19:50:56","guid":{"rendered":"https:\/\/webdealta.info\/?p=3307"},"modified":"2021-09-20T15:50:59","modified_gmt":"2021-09-20T19:50:59","slug":"altagracia-cinco-pacientes-fallecieron-por-posible-covid-19","status":"publish","type":"post","link":"https:\/\/webdealta.info\/?p=3307","title":{"rendered":"Altagracia: cinco pacientes fallecieron por posible covid-19"},"content":{"rendered":"\n<p>Amanda Saldivia.-<\/p>\n\n\n\n<p>Con la cifra de cinco personas fallecidas por afecciones respiratorias, asociadas al covid-19, cierra la semana en Altagracia de Orituco, Gu\u00e1rico, lo que nuevamente enciende las alarmas debido a lo vulnerable que est\u00e1 la poblaci\u00f3n ante las complicaciones que trae consigo este virus que ya reporta m\u00e1s de 4 millones de decesos en el mundo, seg\u00fan los reportes de la Organizaci\u00f3n Mundial de la Salud.<\/p>\n\n\n\n<p>De acuerdo a los datos obtenidos por la Web de Altagracia, en el lapso del lunes 13 de septiembre al domingo 19 de este mismo mes, dos mujeres y tres hombres lamentablemente no superaron el virus. El paciente de menor edad ten\u00eda 46 a\u00f1os y el mayor 78.<\/p>\n\n\n\n<p>En medio de este escenario, avanza la jornada de vacunaci\u00f3n en el municipio Monagas con puestos incluso para personas mayores de 18 a\u00f1os. Sin embargo, hay resistencia a vacunarse y esto preocupa a las autoridades del \u00e1rea de salud, quienes han insistido en la necesidad de inmunizar al mayor n\u00famero de personas.<\/p>\n\n\n\n<p>@amandasaldivia<\/p>\n\n\n\n<p><\/p>\n","protected":false},"excerpt":{"rendered":"<p>Amanda Saldivia.- Con la cifra de cinco personas fallecidas por afecciones respiratorias, asociadas al covid-19, cierra la semana en Altagracia de Orituco, Gu\u00e1rico, lo que nuevamente enciende las alarmas debido a lo vulnerable que est\u00e1 la poblaci\u00f3n ante las complicaciones que trae consigo este virus que ya reporta m\u00e1s de<\/p>\n","protected":false},"author":2,"featured_media":3308,"comment_status":"open","ping_status":"open","sticky":false,"template":"","format":"standard","meta":{"advanced_seo_description":"","jetpack_seo_html_title":"","jetpack_seo_noindex":false,"_jetpack_memberships_contains_paid_content":false,"footnotes":"","jetpack_publicize_message":"","jetpack_publicize_feature_enabled":true,"jetpack_social_post_already_shared":true,"jetpack_social_options":{"image_generator_settings":{"template":"highway","enabled":false},"version":2}},"categories":[195],"tags":[8,11,7,32],"class_list":["post-3307","post","type-post","status-publish","format-standard","has-post-thumbnail","hentry","category-covid-19","tag-altagraciadeorituco","tag-covid19","tag-guarico","tag-webdealta",""],"jetpack_publicize_connections":[],"jetpack_featured_media_url":"https:\/\/webdealta.info\/wp-content\/uploads\/2021\/09\/covid-19-webdealta-1.png","jetpack_sharing_enabled":true,"jetpack_likes_enabled":true,"jetpack-related-posts":[],"jetpack_shortlink":"https:\/\/wp.me\/pcseDn-Rl","_links":{"self":[{"href":"https:\/\/webdealta.info\/index.php?rest_route=\/wp\/v2\/posts\/3307","targetHints":{"allow":["GET"]}}],"collection":[{"href":"https:\/\/webdealta.info\/index.php?rest_route=\/wp\/v2\/posts"}],"about":[{"href":"https:\/\/webdealta.info\/index.php?rest_route=\/wp\/v2\/types\/post"}],"author":[{"embeddable":true,"href":"https:\/\/webdealta.info\/index.php?rest_route=\/wp\/v2\/users\/2"}],"replies":[{"embeddable":true,"href":"https:\/\/webdealta.info\/index.php?rest_route=%2Fwp%2Fv2%2Fcomments&post=3307"}],"version-history":[{"count":1,"href":"https:\/\/webdealta.info\/index.php?rest_route=\/wp\/v2\/posts\/3307\/revisions"}],"predecessor-version":[{"id":3309,"href":"https:\/\/webdealta.info\/index.php?rest_route=\/wp\/v2\/posts\/3307\/revisions\/3309"}],"wp:featuredmedia":[{"embeddable":true,"href":"https:\/\/webdealta.info\/index.php?rest_route=\/wp\/v2\/media\/3308"}],"wp:attachment":[{"href":"https:\/\/webdealta.info\/index.php?rest_route=%2Fwp%2Fv2%2Fmedia&parent=3307"}],"wp:term":[{"taxonomy":"category","embeddable":true,"href":"https:\/\/webdealta.info\/index.php?rest_route=%2Fwp%2Fv2%2Fcategories&post=3307"},{"taxonomy":"post_tag","embeddable":true,"href":"https:\/\/webdealta.info\/index.php?rest_route=%2Fwp%2Fv2%2Ftags&post=3307"}],"curies":[{"name":"wp","href":"https:\/\/api.w.org\/{rel}","templated":true}]}}