{"id":3296,"date":"2021-09-19T11:07:57","date_gmt":"2021-09-19T15:07:57","guid":{"rendered":"https:\/\/webdealta.info\/?p=3296"},"modified":"2021-09-19T12:02:00","modified_gmt":"2021-09-19T16:02:00","slug":"forjadores-de-progreso-pablo-arocha-rojas","status":"publish","type":"post","link":"https:\/\/webdealta.info\/?p=3296","title":{"rendered":"Forjadores de Progreso: Pablo Arocha Rojas"},"content":{"rendered":"\n<p>Amanda Saldivia.-<\/p>\n\n\n\n<p>La tercera entrega de Forjadores de Progreso, iniciativa de la empresa Promasorca como parte de la celebraci\u00f3n del 25 aniversario, est\u00e1 dedicada a resaltar el aporte de Pablo Arocha Rojas, compositor, cantante, comerciante y productor agropecuario, quien es referencia en diversos \u00e1mbitos del quehacer de esta tierra orituque\u00f1a.<\/p>\n\n\n\n<p>Pablo Arocha naci\u00f3 en San Rafael de Orituco el seis de junio de 1941 y fruto de la uni\u00f3n con la dulce Carmen Alicia V\u00e1squez Ram\u00edrez tuvo cuatro hijos Yoali, Ros\u00e1ngela, Pablo Jes\u00fas y Mayerli, y hoy disfruta del amor de 10 nietos. A los 17 a\u00f1os comenz\u00f3 a escribir canciones, pero esa pasi\u00f3n la desarroll\u00f3 con m\u00e1s fuerza a los 38 a\u00f1os, cuando compone el tema Mi Canci\u00f3n por Ella y Mi Pueblito, interpretado por el siempre recordado Ram\u00f3n Infante.<\/p>\n\n\n\n<p>A parte de sus inquietudes art\u00edsticas, porque adem\u00e1s cultiva la fotograf\u00eda de paisajes y escribe poemas, est\u00e1 su rol como comerciante en el ramo ferretero y las actividades propias de la faena del campo, donde encuentra la inspiraci\u00f3n para canciones como Caballo Rucio Mosqueao, Llanura, Llanura, Fresco Aljibe, Se Llevaron mi Potranca, Rumor Divino y Apamate, entre otras que han recorrido a Venezuela y el exterior en las voces de Rogelio Ortiz, Freddy Salcedo, Oswaldo Rey, Jos\u00e9 \u201cCatire\u201d Carpio, Rudy Hern\u00e1ndez y Antonio Pi\u00f1ango.<\/p>\n\n\n\n<p>Una menci\u00f3n especial merece el tema Caballo Rucio Mosqueao, porque figur\u00f3 como la mejor canci\u00f3n in\u00e9dita en el rengl\u00f3n cantante novel del a\u00f1o 1981, en el Festival La Panoja de Oro de Valle de la Pascua, interpretado por Rogelio Ortiz.<\/p>\n\n\n\n<p>Pero como todo orituque\u00f1o inquieto y queriendo destacar los valores de esta regi\u00f3n, tambi\u00e9n est\u00e1 la faceta de Pablo Arocha Rojas como productor&nbsp; discogr\u00e1fico, tanto en el formato larga duraci\u00f3n como en discos compactos, algunos incluso para recaudar fondos para obras ben\u00e9ficas. Adem\u00e1s estuvo por 20 a\u00f1os al frente de la Fundaci\u00f3n Dr. Pedro Mar\u00eda Ar\u00e9valo, instituci\u00f3n sin fines de lucro dedicada a resaltar la actividad cultural.&nbsp;<\/p>\n\n\n\n<p>Porque su nombre es referencia en el \u00e1mbito musical venezolano, por el amor hacia su tierra natal expresada en temas tan hermosos como Mi Pueblito, por una trayectoria llena de \u00e9xitos en todos los \u00e1mbitos: art\u00edstico, comercial y productivo de esta regi\u00f3n\u2026Pablo Arocha Rojas forma parte de Forjadores de Progreso.<\/p>\n\n\n\n<p>@amandasaldivia <\/p>\n\n\n\n<p><\/p>\n","protected":false},"excerpt":{"rendered":"<p>Amanda Saldivia.- La tercera entrega de Forjadores de Progreso, iniciativa de la empresa Promasorca como parte de la celebraci\u00f3n del 25 aniversario, est\u00e1 dedicada a resaltar el aporte de Pablo Arocha Rojas, compositor, cantante, comerciante y productor agropecuario, quien es referencia en diversos \u00e1mbitos del quehacer de esta tierra orituque\u00f1a.<\/p>\n","protected":false},"author":2,"featured_media":3297,"comment_status":"open","ping_status":"open","sticky":false,"template":"","format":"standard","meta":{"advanced_seo_description":"","jetpack_seo_html_title":"","jetpack_seo_noindex":false,"_jetpack_memberships_contains_paid_content":false,"footnotes":"","jetpack_publicize_message":"","jetpack_publicize_feature_enabled":true,"jetpack_social_post_already_shared":true,"jetpack_social_options":{"image_generator_settings":{"template":"highway","enabled":false},"version":2}},"categories":[156],"tags":[8,7,32],"class_list":["post-3296","post","type-post","status-publish","format-standard","has-post-thumbnail","hentry","category-publirreportaje","tag-altagraciadeorituco","tag-guarico","tag-webdealta",""],"jetpack_publicize_connections":[],"jetpack_featured_media_url":"https:\/\/webdealta.info\/wp-content\/uploads\/2021\/09\/pablo-arocha-webdealta.png","jetpack_sharing_enabled":true,"jetpack_likes_enabled":true,"jetpack-related-posts":[],"jetpack_shortlink":"https:\/\/wp.me\/pcseDn-Ra","_links":{"self":[{"href":"https:\/\/webdealta.info\/index.php?rest_route=\/wp\/v2\/posts\/3296","targetHints":{"allow":["GET"]}}],"collection":[{"href":"https:\/\/webdealta.info\/index.php?rest_route=\/wp\/v2\/posts"}],"about":[{"href":"https:\/\/webdealta.info\/index.php?rest_route=\/wp\/v2\/types\/post"}],"author":[{"embeddable":true,"href":"https:\/\/webdealta.info\/index.php?rest_route=\/wp\/v2\/users\/2"}],"replies":[{"embeddable":true,"href":"https:\/\/webdealta.info\/index.php?rest_route=%2Fwp%2Fv2%2Fcomments&post=3296"}],"version-history":[{"count":2,"href":"https:\/\/webdealta.info\/index.php?rest_route=\/wp\/v2\/posts\/3296\/revisions"}],"predecessor-version":[{"id":3299,"href":"https:\/\/webdealta.info\/index.php?rest_route=\/wp\/v2\/posts\/3296\/revisions\/3299"}],"wp:featuredmedia":[{"embeddable":true,"href":"https:\/\/webdealta.info\/index.php?rest_route=\/wp\/v2\/media\/3297"}],"wp:attachment":[{"href":"https:\/\/webdealta.info\/index.php?rest_route=%2Fwp%2Fv2%2Fmedia&parent=3296"}],"wp:term":[{"taxonomy":"category","embeddable":true,"href":"https:\/\/webdealta.info\/index.php?rest_route=%2Fwp%2Fv2%2Fcategories&post=3296"},{"taxonomy":"post_tag","embeddable":true,"href":"https:\/\/webdealta.info\/index.php?rest_route=%2Fwp%2Fv2%2Ftags&post=3296"}],"curies":[{"name":"wp","href":"https:\/\/api.w.org\/{rel}","templated":true}]}}