{"id":3282,"date":"2021-09-16T16:52:07","date_gmt":"2021-09-16T20:52:07","guid":{"rendered":"https:\/\/webdealta.info\/?p=3282"},"modified":"2021-09-16T16:52:09","modified_gmt":"2021-09-16T20:52:09","slug":"mud-discurso-enfocado-en-deterioro-de-los-servicios-publicos","status":"publish","type":"post","link":"https:\/\/webdealta.info\/?p=3282","title":{"rendered":"MUD: discurso enfocado en deterioro de los servicios p\u00fablicos"},"content":{"rendered":"\n<p>Amanda Saldivia.-<\/p>\n\n\n\n<p>Con un discurso enfocado en el deterioro de los servicios p\u00fablicos se realiz\u00f3 este jueves 16 de septiembre la caminata y posterior concentraci\u00f3n de los abanderados de la Plataforma Unitaria que participan en las elecciones del 21 de noviembre con la tarjeta de la MUD.<\/p>\n\n\n\n<p>El parque Sucre de Altagracia de Orituco, Gu\u00e1rico, fue el punto final de la actividad, donde tomaron la palabra los aspirantes, entre ellos Carmen Cecilia Aragort, candidata a la alcald\u00eda del municipio Monagas, quien destac\u00f3 brevemente sus ra\u00edces en Altagracia, su crianza en San Francisco de Macaira y los valores familiares que fueron parte de su formaci\u00f3n.<\/p>\n\n\n\n<p>Igualmente hizo una menci\u00f3n especial a la situaci\u00f3n de los ni\u00f1os y adultos mayores, a quienes considera los m\u00e1s vulnerables en medio de la crisis actual, al tiempo que asumi\u00f3 el compromiso de trabajar para proporcionar una mejor calidad de vida a ellos y al resto de los habitantes del municipio Monagas.<\/p>\n\n\n\n<p>Al referirse al deterioro de los servicios p\u00fablicos dijo que \u201cest\u00e1n en las peores condiciones\u201d y se comprometi\u00f3 a trabajar en equipo con los concejales para mejorar el suministro de agua potable y el servicio de aseo urbano, como las prioridades del gobierno municipal que emprender\u00eda.<\/p>\n\n\n\n<p>En el acto pol\u00edtico estuvieron presentes los candidatos al Concejo Municipal, entre ellos Andreina Zerpa, Maritza Pacheco, Yolivares Infante, Alberto Ochoa, Jackeline Gonz\u00e1lez, Mariela Pi\u00f1ango, Luis Laya y Jes\u00fas Yanez, adem\u00e1s del profesor Jos\u00e9 Loreto Funes, candidato al Consejo Legislativo del estado Gu\u00e1rico por este circuito.<\/p>\n\n\n\n<p>Aunque se esperaba la presencia del candidato a la gobernaci\u00f3n Giovanni Salazar, est\u00e9 no lleg\u00f3 a tiempo a la concentraci\u00f3n, pero si estar\u00eda este jueves en el municipio a los fines de integrarse al resto de las actividades, algunas relacionadas a reuniones ante posibles alianzas con otras organizaciones pol\u00edticas.<\/p>\n\n\n\n<p>@amandasaldivia<\/p>\n\n\n\n<figure class=\"wp-block-image size-large\"><img loading=\"lazy\" decoding=\"async\" width=\"1024\" height=\"546\" src=\"https:\/\/webdealta.info\/wp-content\/uploads\/2021\/09\/acto-mud-webdealta-22-1024x546.jpg\" alt=\"\" class=\"wp-image-3284\" srcset=\"https:\/\/webdealta.info\/wp-content\/uploads\/2021\/09\/acto-mud-webdealta-22.jpg 1024w, https:\/\/webdealta.info\/wp-content\/uploads\/2021\/09\/acto-mud-webdealta-22.jpg 300w, https:\/\/webdealta.info\/wp-content\/uploads\/2021\/09\/acto-mud-webdealta-22.jpg 768w, https:\/\/webdealta.info\/wp-content\/uploads\/2021\/09\/acto-mud-webdealta-22.jpg 1170w, https:\/\/webdealta.info\/wp-content\/uploads\/2021\/09\/acto-mud-webdealta-22.jpg 1500w, https:\/\/webdealta.info\/wp-content\/uploads\/2021\/09\/acto-mud-webdealta-22.jpg 1280w\" sizes=\"auto, (max-width: 640px) 100vw, 640px\" \/><figcaption>Candidatos y seguidores de la Plataforma Unitaria<\/figcaption><\/figure>\n","protected":false},"excerpt":{"rendered":"<p>Amanda Saldivia.- Con un discurso enfocado en el deterioro de los servicios p\u00fablicos se realiz\u00f3 este jueves 16 de septiembre la caminata y posterior concentraci\u00f3n de los abanderados de la Plataforma Unitaria que participan en las elecciones del 21 de noviembre con la tarjeta de la MUD. El parque Sucre<\/p>\n","protected":false},"author":2,"featured_media":3285,"comment_status":"open","ping_status":"open","sticky":false,"template":"","format":"standard","meta":{"advanced_seo_description":"","jetpack_seo_html_title":"","jetpack_seo_noindex":false,"_jetpack_memberships_contains_paid_content":false,"footnotes":"","jetpack_publicize_message":"","jetpack_publicize_feature_enabled":true,"jetpack_social_post_already_shared":true,"jetpack_social_options":{"image_generator_settings":{"template":"highway","enabled":false},"version":2}},"categories":[142],"tags":[8,7,32],"class_list":["post-3282","post","type-post","status-publish","format-standard","has-post-thumbnail","hentry","category-politica","tag-altagraciadeorituco","tag-guarico","tag-webdealta",""],"jetpack_publicize_connections":[],"jetpack_featured_media_url":"https:\/\/webdealta.info\/wp-content\/uploads\/2021\/09\/acto-mud-1-webdealta-1.jpg","jetpack_sharing_enabled":true,"jetpack_likes_enabled":true,"jetpack-related-posts":[],"jetpack_shortlink":"https:\/\/wp.me\/pcseDn-QW","_links":{"self":[{"href":"https:\/\/webdealta.info\/index.php?rest_route=\/wp\/v2\/posts\/3282","targetHints":{"allow":["GET"]}}],"collection":[{"href":"https:\/\/webdealta.info\/index.php?rest_route=\/wp\/v2\/posts"}],"about":[{"href":"https:\/\/webdealta.info\/index.php?rest_route=\/wp\/v2\/types\/post"}],"author":[{"embeddable":true,"href":"https:\/\/webdealta.info\/index.php?rest_route=\/wp\/v2\/users\/2"}],"replies":[{"embeddable":true,"href":"https:\/\/webdealta.info\/index.php?rest_route=%2Fwp%2Fv2%2Fcomments&post=3282"}],"version-history":[{"count":1,"href":"https:\/\/webdealta.info\/index.php?rest_route=\/wp\/v2\/posts\/3282\/revisions"}],"predecessor-version":[{"id":3286,"href":"https:\/\/webdealta.info\/index.php?rest_route=\/wp\/v2\/posts\/3282\/revisions\/3286"}],"wp:featuredmedia":[{"embeddable":true,"href":"https:\/\/webdealta.info\/index.php?rest_route=\/wp\/v2\/media\/3285"}],"wp:attachment":[{"href":"https:\/\/webdealta.info\/index.php?rest_route=%2Fwp%2Fv2%2Fmedia&parent=3282"}],"wp:term":[{"taxonomy":"category","embeddable":true,"href":"https:\/\/webdealta.info\/index.php?rest_route=%2Fwp%2Fv2%2Fcategories&post=3282"},{"taxonomy":"post_tag","embeddable":true,"href":"https:\/\/webdealta.info\/index.php?rest_route=%2Fwp%2Fv2%2Ftags&post=3282"}],"curies":[{"name":"wp","href":"https:\/\/api.w.org\/{rel}","templated":true}]}}