{"id":3223,"date":"2021-09-08T15:55:16","date_gmt":"2021-09-08T19:55:16","guid":{"rendered":"https:\/\/webdealta.info\/?p=3223"},"modified":"2021-09-08T15:55:20","modified_gmt":"2021-09-08T19:55:20","slug":"falta-de-mantenimiento-en-quebrada-ocasiona-anegacion","status":"publish","type":"post","link":"https:\/\/webdealta.info\/?p=3223","title":{"rendered":"Falta de mantenimiento en quebrada ocasiona anegaci\u00f3n"},"content":{"rendered":"\n<p>Amanda Saldivia.-<\/p>\n\n\n\n<p>Por falta de mantenimiento se desborda la quebrada de Paural en Altagracia de Orituco, Gu\u00e1rico, lo que trae como consecuencia anegaci\u00f3n de patios y viviendas cada vez que se registran lluvias copiosas como las del pasado martes en horas de la tarde.<\/p>\n\n\n\n<p>Elsy Gonz\u00e1lez, habitante del sector Valles de Paural, cont\u00f3 al equipo de la Web de Altagracia que \u201ceso pasa porque a la autoridad que le compete limpiar la quebrada de Paural tiene a\u00f1os que no lo hace\u201d, lo que genera la anegaci\u00f3n de la zona e incluso imposibilita salir de las viviendas.<\/p>\n\n\n\n<p>Explic\u00f3 que aunque los vecinos hacen esfuerzos por limpiarla, debido al da\u00f1o que sufren las viviendas a\u00f1o tras a\u00f1o, no disponen de maquinaria pesada \u201cpara que la canalicen, la hagan profunda y que pueda recoger adecuadamente las aguas de lluvia\u201d, motivo por el cual es necesaria una adecuada inspecci\u00f3n en la zona y que el gobierno asuma el mantenimiento de esa quebrada y otros drenajes.<\/p>\n\n\n\n<p>Para ilustrar la situaci\u00f3n que atraviesan con las lluvias, Elsy Gonz\u00e1lez comparti\u00f3 las fotograf\u00edas que tom\u00f3 en la ma\u00f1ana de este mi\u00e9rcoles ocho de septiembre, en las cuales se aprecia la afectaci\u00f3n.<\/p>\n\n\n\n<p>@amandasaldivia<\/p>\n\n\n\n<p><\/p>\n","protected":false},"excerpt":{"rendered":"<p>Amanda Saldivia.- Por falta de mantenimiento se desborda la quebrada de Paural en Altagracia de Orituco, Gu\u00e1rico, lo que trae como consecuencia anegaci\u00f3n de patios y viviendas cada vez que se registran lluvias copiosas como las del pasado martes en horas de la tarde. Elsy Gonz\u00e1lez, habitante del sector Valles<\/p>\n","protected":false},"author":2,"featured_media":3224,"comment_status":"open","ping_status":"open","sticky":false,"template":"","format":"standard","meta":{"advanced_seo_description":"","jetpack_seo_html_title":"","jetpack_seo_noindex":false,"_jetpack_memberships_contains_paid_content":false,"footnotes":"","jetpack_publicize_message":"","jetpack_publicize_feature_enabled":true,"jetpack_social_post_already_shared":true,"jetpack_social_options":{"image_generator_settings":{"template":"highway","enabled":false},"version":2}},"categories":[54],"tags":[8,7],"class_list":["post-3223","post","type-post","status-publish","format-standard","has-post-thumbnail","hentry","category-lluvias","tag-altagraciadeorituco","tag-guarico",""],"jetpack_publicize_connections":[],"jetpack_featured_media_url":"https:\/\/webdealta.info\/wp-content\/uploads\/2021\/09\/anegados-en-el-Uvero-webdealta-1.png","jetpack_sharing_enabled":true,"jetpack_likes_enabled":true,"jetpack-related-posts":[],"jetpack_shortlink":"https:\/\/wp.me\/pcseDn-PZ","_links":{"self":[{"href":"https:\/\/webdealta.info\/index.php?rest_route=\/wp\/v2\/posts\/3223","targetHints":{"allow":["GET"]}}],"collection":[{"href":"https:\/\/webdealta.info\/index.php?rest_route=\/wp\/v2\/posts"}],"about":[{"href":"https:\/\/webdealta.info\/index.php?rest_route=\/wp\/v2\/types\/post"}],"author":[{"embeddable":true,"href":"https:\/\/webdealta.info\/index.php?rest_route=\/wp\/v2\/users\/2"}],"replies":[{"embeddable":true,"href":"https:\/\/webdealta.info\/index.php?rest_route=%2Fwp%2Fv2%2Fcomments&post=3223"}],"version-history":[{"count":1,"href":"https:\/\/webdealta.info\/index.php?rest_route=\/wp\/v2\/posts\/3223\/revisions"}],"predecessor-version":[{"id":3225,"href":"https:\/\/webdealta.info\/index.php?rest_route=\/wp\/v2\/posts\/3223\/revisions\/3225"}],"wp:featuredmedia":[{"embeddable":true,"href":"https:\/\/webdealta.info\/index.php?rest_route=\/wp\/v2\/media\/3224"}],"wp:attachment":[{"href":"https:\/\/webdealta.info\/index.php?rest_route=%2Fwp%2Fv2%2Fmedia&parent=3223"}],"wp:term":[{"taxonomy":"category","embeddable":true,"href":"https:\/\/webdealta.info\/index.php?rest_route=%2Fwp%2Fv2%2Fcategories&post=3223"},{"taxonomy":"post_tag","embeddable":true,"href":"https:\/\/webdealta.info\/index.php?rest_route=%2Fwp%2Fv2%2Ftags&post=3223"}],"curies":[{"name":"wp","href":"https:\/\/api.w.org\/{rel}","templated":true}]}}