{"id":3214,"date":"2021-09-07T23:55:58","date_gmt":"2021-09-08T03:55:58","guid":{"rendered":"https:\/\/webdealta.info\/?p=3214"},"modified":"2021-09-07T23:56:07","modified_gmt":"2021-09-08T03:56:07","slug":"un-solo-camion-con-cauchos-inservibles-tiene-el-aseo-urbano","status":"publish","type":"post","link":"https:\/\/webdealta.info\/?p=3214","title":{"rendered":"Un solo cami\u00f3n con cauchos inservibles tiene el aseo urbano"},"content":{"rendered":"\n<p>Amanda Saldivia.-<\/p>\n\n\n\n<p>Un solo cami\u00f3n recolector de desechos s\u00f3lidos para un municipio de siete parroquias y con una extensi\u00f3n de 3.506 kil\u00f3metros cuadrados es l\u00f3gicamente insuficiente, pero es la realidad de esta regi\u00f3n guarique\u00f1a, donde el personal que labora en el servicio de aseo urbano hace lo mejor que puede ante el reto de atender sectores, b\u00e1sicamente en la capital Altagracia de Orituco.<\/p>\n\n\n\n<p>Entre la poblaci\u00f3n es casi una leyenda recordar cuando el municipio Monagas contada con tres camiones compactadores de basura, volteos, maquinaria perenne en el vertedero y personal que hac\u00eda el barrido de las calles con uniformes y dem\u00e1s equipos de seguridad, lo que distingu\u00eda a Altagracia como la ciudad m\u00e1s limpia del estado Gu\u00e1rico.<\/p>\n\n\n\n<p>Esa era la fama bien ganada de esta regi\u00f3n guarique\u00f1a, pero lamentablemente ahora el \u00fanico veh\u00edculo presta el servicio de recolecci\u00f3n de desechos una vez al mes en las comunidades, eso si no se accidenta como ocurri\u00f3 este martes siete de septiembre y cuyas fotograf\u00edas fueron enviadas a la\u00a0 Web de Altagracia por un ciudadanos que quiso dejar en evidencia el deterioro de la unidad, particularmente los cauchos.<\/p>\n\n\n\n<p>Esa fue la raz\u00f3n para que no se cumpliera correctamente el cronograma publicado este martes y quedara la frustraci\u00f3n de los vecinos que esperaron por un servicio que no lleg\u00f3.<\/p>\n\n\n\n<p>Este mi\u00e9rcoles nuevamente har\u00e1n el intento los trabajadores del aseo urbano, pero basta ver las fotograf\u00edas para saber que si no son cambiados los cauchos poco podr\u00e1 recorrer ese veh\u00edculo, m\u00e1s a\u00fan con un vertedero totalmente colapsado, donde ya no hay v\u00eda para entrar a descargar los desechos.<\/p>\n\n\n\n<p>Compartimos el cronograma que corresponde a este mi\u00e9rcoles 8 y jueves 9 de septiembre.<\/p>\n\n\n\n<p>ESTADO BOLIVARIANO DE GU\u00c1RICO<\/p>\n\n\n\n<p>ALCALD\u00cdA DEL MUNICIPIO JOS\u00c9 TADEO MONAGAS<\/p>\n\n\n\n<p>PROGRAMACI\u00d3N DEL ASEO URBANO<\/p>\n\n\n\n<p>MI\u00c9RCOLES 08\/09\/2020<\/p>\n\n\n\n<p>Valles de Camoruco, Pe\u00f1\u00f3n y Palacios, Calle Nueva, Calle La Esperanza, Chimborazo, Colombia, Recorrido del Casco Central Hospital<\/p>\n\n\n\n<p>MARTES 07\/09\/2021<\/p>\n\n\n\n<p>SE ATENDI\u00d3 Sector El Progreso Urb. Colinas de Camoruco, Carretera Nacional Recorrido del Casco Central Hospital<\/p>\n\n\n\n<p>JUEVES 09\/09\/2021<\/p>\n\n\n\n<p>Sucre Gil Pulido Santiago Gil Libertad Sixto Sosa Ayacucho Recorrido del Casco Central Hospital<\/p>\n\n\n\n<p>\u00c1ngel Lugo, Coordinador del Aseo Urbano<\/p>\n\n\n\n<p>Alcald\u00eda de Monagas Trabajando por el Porvenir Sincero del Pueblo<\/p>\n\n\n\n<p><\/p>\n","protected":false},"excerpt":{"rendered":"<p>Amanda Saldivia.- Un solo cami\u00f3n recolector de desechos s\u00f3lidos para un municipio de siete parroquias y con una extensi\u00f3n de 3.506 kil\u00f3metros cuadrados es l\u00f3gicamente insuficiente, pero es la realidad de esta regi\u00f3n guarique\u00f1a, donde el personal que labora en el servicio de aseo urbano hace lo mejor que puede<\/p>\n","protected":false},"author":2,"featured_media":3215,"comment_status":"open","ping_status":"open","sticky":false,"template":"","format":"standard","meta":{"advanced_seo_description":"","jetpack_seo_html_title":"","jetpack_seo_noindex":false,"_jetpack_memberships_contains_paid_content":false,"footnotes":"","jetpack_publicize_message":"","jetpack_publicize_feature_enabled":true,"jetpack_social_post_already_shared":true,"jetpack_social_options":{"image_generator_settings":{"template":"highway","enabled":false},"version":2}},"categories":[268],"tags":[8,7,32],"class_list":["post-3214","post","type-post","status-publish","format-standard","has-post-thumbnail","hentry","category-servicios-publicos","tag-altagraciadeorituco","tag-guarico","tag-webdealta",""],"jetpack_publicize_connections":[],"jetpack_featured_media_url":"https:\/\/webdealta.info\/wp-content\/uploads\/2021\/09\/aseo-urbano-webdealta-1.png","jetpack_sharing_enabled":true,"jetpack_likes_enabled":true,"jetpack-related-posts":[],"jetpack_shortlink":"https:\/\/wp.me\/pcseDn-PQ","_links":{"self":[{"href":"https:\/\/webdealta.info\/index.php?rest_route=\/wp\/v2\/posts\/3214","targetHints":{"allow":["GET"]}}],"collection":[{"href":"https:\/\/webdealta.info\/index.php?rest_route=\/wp\/v2\/posts"}],"about":[{"href":"https:\/\/webdealta.info\/index.php?rest_route=\/wp\/v2\/types\/post"}],"author":[{"embeddable":true,"href":"https:\/\/webdealta.info\/index.php?rest_route=\/wp\/v2\/users\/2"}],"replies":[{"embeddable":true,"href":"https:\/\/webdealta.info\/index.php?rest_route=%2Fwp%2Fv2%2Fcomments&post=3214"}],"version-history":[{"count":1,"href":"https:\/\/webdealta.info\/index.php?rest_route=\/wp\/v2\/posts\/3214\/revisions"}],"predecessor-version":[{"id":3216,"href":"https:\/\/webdealta.info\/index.php?rest_route=\/wp\/v2\/posts\/3214\/revisions\/3216"}],"wp:featuredmedia":[{"embeddable":true,"href":"https:\/\/webdealta.info\/index.php?rest_route=\/wp\/v2\/media\/3215"}],"wp:attachment":[{"href":"https:\/\/webdealta.info\/index.php?rest_route=%2Fwp%2Fv2%2Fmedia&parent=3214"}],"wp:term":[{"taxonomy":"category","embeddable":true,"href":"https:\/\/webdealta.info\/index.php?rest_route=%2Fwp%2Fv2%2Fcategories&post=3214"},{"taxonomy":"post_tag","embeddable":true,"href":"https:\/\/webdealta.info\/index.php?rest_route=%2Fwp%2Fv2%2Ftags&post=3214"}],"curies":[{"name":"wp","href":"https:\/\/api.w.org\/{rel}","templated":true}]}}