{"id":3203,"date":"2021-09-06T13:55:03","date_gmt":"2021-09-06T17:55:03","guid":{"rendered":"https:\/\/webdealta.info\/?p=3203"},"modified":"2021-09-06T13:55:09","modified_gmt":"2021-09-06T17:55:09","slug":"comision-del-cicpc-rescato-a-bebe-que-fue-raptado-del-hospital","status":"publish","type":"post","link":"https:\/\/webdealta.info\/?p=3203","title":{"rendered":"Comisi\u00f3n del CICPC rescat\u00f3 a beb\u00e9  que fue raptado del hospital"},"content":{"rendered":"\n<p>Amanda Saldivia.-<\/p>\n\n\n\n<p>En seis horas funcionarios de Cuerpo de Investigaciones Cient\u00edficas, Penales y Criminal\u00edsticas localizaron sano y salvo al beb\u00e9 de ocho d\u00edas de nacido que fue raptado del ret\u00e9n del hospital Dr. Jos\u00e9 Francisco Torrealba de Altagracia de Orituco, Gu\u00e1rico, en la madrugada de este lunes seis de septiembre.<\/p>\n\n\n\n<p>El comisario Richard Araujo, jefe de la Delegaci\u00f3n Municipal del CICPC, dijo que por el caso est\u00e1 detenida una mujer de 30 a\u00f1os de edad, quien rapt\u00f3 al beb\u00e9 en horas de la madrugada y se lo llev\u00f3 hasta una vivienda ubicada en el caser\u00edo La Loma de Paso Real, lugar en el cual la comisi\u00f3n realiz\u00f3 el rescate del ni\u00f1o, identificado como Yanderson Xavier Mart\u00ednez de 8 d\u00edas de nacido, hijo de Gracielis Mart\u00ednez y Anderson P\u00e1ez.<\/p>\n\n\n\n<figure class=\"wp-block-image size-large\"><img loading=\"lazy\" decoding=\"async\" width=\"1024\" height=\"546\" src=\"https:\/\/webdealta.info\/wp-content\/uploads\/2021\/09\/webdealta-rapto-1024x546.jpg\" alt=\"\" class=\"wp-image-3205\" srcset=\"https:\/\/webdealta.info\/wp-content\/uploads\/2021\/09\/webdealta-rapto.jpg 1024w, https:\/\/webdealta.info\/wp-content\/uploads\/2021\/09\/webdealta-rapto.jpg 300w, https:\/\/webdealta.info\/wp-content\/uploads\/2021\/09\/webdealta-rapto.jpg 768w, https:\/\/webdealta.info\/wp-content\/uploads\/2021\/09\/webdealta-rapto.jpg 1170w, https:\/\/webdealta.info\/wp-content\/uploads\/2021\/09\/webdealta-rapto.jpg 1500w, https:\/\/webdealta.info\/wp-content\/uploads\/2021\/09\/webdealta-rapto.jpg 1280w\" sizes=\"auto, (max-width: 640px) 100vw, 640px\" \/><figcaption>Localizado sano y salvo beb\u00e9 raptado del hospital<\/figcaption><\/figure>\n\n\n\n<p>De acuerdo a la informaci\u00f3n aportada por el comisario Araujo, la mujer burl\u00f3 la seguridad del hospital y se llev\u00f3 al beb\u00e9 aproximadamente a las 3:30 am de este lunes y una vez conocido el caso, procedieron con \u201clas investigaciones de campo, an\u00e1lisis telef\u00f3nicos, la comisi\u00f3n del despacho se traslad\u00f3 al lugar, donde se ubic\u00f3 a la ciudadana, quien ten\u00eda en su poder al lactante, siendo rescatado sano y salvo, aprehendiendo a la investigada y puesta a la orden de la Fiscal\u00eda del Ministerio P\u00fablico correspondiente\u201d.<\/p>\n\n\n\n<p>Al indagar sobre el acceso al hospital, pudimos conocer que la detenida ten\u00eda un familiar recluido y aprovech\u00f3 la condici\u00f3n de acompa\u00f1ante para raptar al beb\u00e9, porque al parecer est\u00e1 atravesando por un trauma psicol\u00f3gico por haber perdido un ni\u00f1o meses atr\u00e1s.<\/p>\n\n\n\n<p>Mientras se resolv\u00eda el caso, al menos 15 trabajadores del hospital, en su mayor\u00eda enfermeras, fueron interrogadas en la polic\u00eda cient\u00edfica como parte de las investigaciones.<\/p>\n\n\n\n<p>Pasada las 11 de la ma\u00f1ana ya el beb\u00e9 estaba en manos de la madre y fue trasladado nuevamente al hospital para continuar el tratamiento en el cual se encuentra, por presentar una infecci\u00f3n.<\/p>\n\n\n\n<p>@amandasaldivia<\/p>\n\n\n\n<p><\/p>\n","protected":false},"excerpt":{"rendered":"<p>Amanda Saldivia.- En seis horas funcionarios de Cuerpo de Investigaciones Cient\u00edficas, Penales y Criminal\u00edsticas localizaron sano y salvo al beb\u00e9 de ocho d\u00edas de nacido que fue raptado del ret\u00e9n del hospital Dr. Jos\u00e9 Francisco Torrealba de Altagracia de Orituco, Gu\u00e1rico, en la madrugada de este lunes seis de septiembre.<\/p>\n","protected":false},"author":2,"featured_media":3204,"comment_status":"open","ping_status":"open","sticky":false,"template":"","format":"standard","meta":{"advanced_seo_description":"","jetpack_seo_html_title":"","jetpack_seo_noindex":false,"_jetpack_memberships_contains_paid_content":false,"footnotes":"","jetpack_publicize_message":"","jetpack_publicize_feature_enabled":true,"jetpack_social_post_already_shared":true,"jetpack_social_options":{"image_generator_settings":{"template":"highway","enabled":false},"version":2}},"categories":[234],"tags":[8,32],"class_list":["post-3203","post","type-post","status-publish","format-standard","has-post-thumbnail","hentry","category-sucesos","tag-altagraciadeorituco","tag-webdealta",""],"jetpack_publicize_connections":[],"jetpack_featured_media_url":"https:\/\/webdealta.info\/wp-content\/uploads\/2021\/09\/webdealta-sucesos-cicpc.jpg","jetpack_sharing_enabled":true,"jetpack_likes_enabled":true,"jetpack-related-posts":[],"jetpack_shortlink":"https:\/\/wp.me\/pcseDn-PF","_links":{"self":[{"href":"https:\/\/webdealta.info\/index.php?rest_route=\/wp\/v2\/posts\/3203","targetHints":{"allow":["GET"]}}],"collection":[{"href":"https:\/\/webdealta.info\/index.php?rest_route=\/wp\/v2\/posts"}],"about":[{"href":"https:\/\/webdealta.info\/index.php?rest_route=\/wp\/v2\/types\/post"}],"author":[{"embeddable":true,"href":"https:\/\/webdealta.info\/index.php?rest_route=\/wp\/v2\/users\/2"}],"replies":[{"embeddable":true,"href":"https:\/\/webdealta.info\/index.php?rest_route=%2Fwp%2Fv2%2Fcomments&post=3203"}],"version-history":[{"count":1,"href":"https:\/\/webdealta.info\/index.php?rest_route=\/wp\/v2\/posts\/3203\/revisions"}],"predecessor-version":[{"id":3206,"href":"https:\/\/webdealta.info\/index.php?rest_route=\/wp\/v2\/posts\/3203\/revisions\/3206"}],"wp:featuredmedia":[{"embeddable":true,"href":"https:\/\/webdealta.info\/index.php?rest_route=\/wp\/v2\/media\/3204"}],"wp:attachment":[{"href":"https:\/\/webdealta.info\/index.php?rest_route=%2Fwp%2Fv2%2Fmedia&parent=3203"}],"wp:term":[{"taxonomy":"category","embeddable":true,"href":"https:\/\/webdealta.info\/index.php?rest_route=%2Fwp%2Fv2%2Fcategories&post=3203"},{"taxonomy":"post_tag","embeddable":true,"href":"https:\/\/webdealta.info\/index.php?rest_route=%2Fwp%2Fv2%2Ftags&post=3203"}],"curies":[{"name":"wp","href":"https:\/\/api.w.org\/{rel}","templated":true}]}}