{"id":319,"date":"2020-10-18T12:55:45","date_gmt":"2020-10-18T16:55:45","guid":{"rendered":"http:\/\/webdealta.info\/?p=319"},"modified":"2020-10-26T16:43:25","modified_gmt":"2020-10-26T20:43:25","slug":"sinservicio-18102020","status":"publish","type":"post","link":"https:\/\/webdealta.info\/?p=319","title":{"rendered":"Sin servicio de agua potable 950 familias de Lezama"},"content":{"rendered":"\n<p>Amanda Saldivia<\/p>\n\n\n\n<p>Desde el lunes 12 de octubre, 950 familias que conforman la comunidad de Lezama se encuentran sin suministro de agua potable, tras el da\u00f1o que sufri\u00f3 el motor y la bomba sumergible del acueducto.<\/p>\n\n\n\n<p>Luis Fern\u00e1ndez, habitantes de Lezama, detall\u00f3 las acciones que emprendieron desde que se paraliz\u00f3 el sistema de bombeo, entre ellas la sustracci\u00f3n de la tuber\u00eda y la bomba sumergible por parte de la propia comunidad y la posterior evaluaci\u00f3n que realiz\u00f3 el equipo enviado por la alcald\u00eda, integrado por William Rond\u00f3n, director de Servicios P\u00fablicos, personal de Hidrop\u00e1ez y Corpoelec, quienes determinaron el da\u00f1o total de los componentes.<\/p>\n\n\n\n<p>Agreg\u00f3 Fern\u00e1ndez, que la responsabilidad de la gesti\u00f3n ante el ejecutivo regional para la adquisici\u00f3n de la bomba y el motor la asumi\u00f3 el prefecto Oliver Naranjo; mientras que con el informe t\u00e9cnico elaborado por el ingeniero Gabriel Ybarra, entregaron a Ypergas una comunicaci\u00f3n en la cual solicitan la tuber\u00eda y otros requerimientos para la rehabilitaci\u00f3n del sistema.<\/p>\n\n\n\n<p>Adicionalmente inform\u00f3 que el prefecto y los miembros del Clap gestionan con la alcald\u00eda la gasolina que necesitan los \u201ccisterneros\u201d locales, para surtir de agua potable gratuita a las 950 familias que no tienen suministro.<\/p>\n\n\n\n<p>Foto: cortes\u00eda<\/p>\n","protected":false},"excerpt":{"rendered":"<p>Amanda Saldivia Desde el lunes 12 de octubre, 950 familias que conforman la comunidad de Lezama se encuentran sin suministro de agua potable, tras el da\u00f1o que sufri\u00f3 el motor y la bomba sumergible del acueducto. Luis Fern\u00e1ndez, habitantes de Lezama, detall\u00f3 las acciones que emprendieron desde que se paraliz\u00f3<\/p>\n","protected":false},"author":2,"featured_media":0,"comment_status":"open","ping_status":"open","sticky":false,"template":"","format":"standard","meta":{"advanced_seo_description":"","jetpack_seo_html_title":"","jetpack_seo_noindex":false,"_jetpack_memberships_contains_paid_content":false,"footnotes":"","jetpack_publicize_message":"","jetpack_publicize_feature_enabled":true,"jetpack_social_post_already_shared":true,"jetpack_social_options":{"image_generator_settings":{"template":"highway","enabled":false},"version":2}},"categories":[21],"tags":[],"class_list":["post-319","post","type-post","status-publish","format-standard","hentry","category-agua-potable",""],"jetpack_publicize_connections":[],"jetpack_featured_media_url":"","jetpack_sharing_enabled":true,"jetpack_likes_enabled":true,"jetpack-related-posts":[],"jetpack_shortlink":"https:\/\/wp.me\/pcseDn-59","_links":{"self":[{"href":"https:\/\/webdealta.info\/index.php?rest_route=\/wp\/v2\/posts\/319","targetHints":{"allow":["GET"]}}],"collection":[{"href":"https:\/\/webdealta.info\/index.php?rest_route=\/wp\/v2\/posts"}],"about":[{"href":"https:\/\/webdealta.info\/index.php?rest_route=\/wp\/v2\/types\/post"}],"author":[{"embeddable":true,"href":"https:\/\/webdealta.info\/index.php?rest_route=\/wp\/v2\/users\/2"}],"replies":[{"embeddable":true,"href":"https:\/\/webdealta.info\/index.php?rest_route=%2Fwp%2Fv2%2Fcomments&post=319"}],"version-history":[{"count":1,"href":"https:\/\/webdealta.info\/index.php?rest_route=\/wp\/v2\/posts\/319\/revisions"}],"predecessor-version":[{"id":321,"href":"https:\/\/webdealta.info\/index.php?rest_route=\/wp\/v2\/posts\/319\/revisions\/321"}],"wp:attachment":[{"href":"https:\/\/webdealta.info\/index.php?rest_route=%2Fwp%2Fv2%2Fmedia&parent=319"}],"wp:term":[{"taxonomy":"category","embeddable":true,"href":"https:\/\/webdealta.info\/index.php?rest_route=%2Fwp%2Fv2%2Fcategories&post=319"},{"taxonomy":"post_tag","embeddable":true,"href":"https:\/\/webdealta.info\/index.php?rest_route=%2Fwp%2Fv2%2Ftags&post=319"}],"curies":[{"name":"wp","href":"https:\/\/api.w.org\/{rel}","templated":true}]}}