{"id":315,"date":"2020-10-14T23:12:11","date_gmt":"2020-10-15T03:12:11","guid":{"rendered":"http:\/\/webdealta.info\/?p=315"},"modified":"2020-10-26T16:48:54","modified_gmt":"2020-10-26T20:48:54","slug":"celso-fantinel-14102020","status":"publish","type":"post","link":"https:\/\/webdealta.info\/?p=315","title":{"rendered":"Expropiaci\u00f3n de Agroisle\u00f1a marc\u00f3 el antes y el despu\u00e9s en la producci\u00f3n nacional"},"content":{"rendered":"\n<p>Amanda Saldivia<\/p>\n\n\n\n<p>Para Celso Fantinel, primer vicepresidente de Fedeagro, la expropiaci\u00f3n de Agroisle\u00f1a hace 10 a\u00f1os marc\u00f3 el antes y el despu\u00e9s en la producci\u00f3n nacional, porque el gobierno con esa acci\u00f3n traz\u00f3 una estrategia equivocada, cuyas consecuencias se evidencian hoy con la disminuci\u00f3n significativa de las siembras y la marcada tendencia hacia el consumo de productos importados, algunos de dudosa calidad, libres de aranceles que inundan el mercado y compiten de manera desleal con lo poco que se elabora en el pa\u00eds.<\/p>\n\n\n\n<p>Las declaraciones de Fantinel, las ofreci\u00f3 en la sede de Apasygua en Altagracia de Orituco, asociaci\u00f3n que agrupa a productores del sur de Aragua y de Gu\u00e1rico. Al presentar la radiograf\u00eda de la situaci\u00f3n del agro este a\u00f1o 2020, dijo que no se respetaron los precios, no hay cr\u00e9dito bancario desde hace tres a\u00f1os, a lo que se suma la inseguridad y las dificultades para adquirir combustible.<\/p>\n\n\n\n<p>A juicio de este productor, con m\u00e1s de 25 a\u00f1os como gremialista, el gobierno potencia lo que se ha llamado la \u201cpol\u00edtica de bodegones\u201d, que busca beneficiar a unos pocos del sector importador en detrimento del campo y de los consumidores; sin reconocer que Fedeagro y Fedenaga son quienes sustentan de forma privada entre el 85 y el 90 por ciento de la producci\u00f3n del pa\u00eds.<\/p>\n\n\n\n<p>Otro aspecto mencionado por Celso Fantinel, fue la actual distorsi\u00f3n en la cadena de comercializaci\u00f3n de productos, la cual se ve afectada por la cantidad de alcabalas que exigen a los \u00abferieros\u00bb de hortalizas, por ejemplo, montos o productos para permitirles seguir el recorrido y esto encarece el precio de venta al consumidor final.<\/p>\n\n\n\n<p>A pesar de lo expuesto, se mostr\u00f3 optimista en la recuperaci\u00f3n del sector si se dan los cambios que requiere el pa\u00eds, porque considera que Venezuela tiene todas las potencialidades para exportar cereales, carne, hortalizas y hasta frutas ex\u00f3ticas.<\/p>\n\n\n\n<p>@amandasaldivia<\/p>\n\n\n\n<p><\/p>\n","protected":false},"excerpt":{"rendered":"<p>Amanda Saldivia Para Celso Fantinel, primer vicepresidente de Fedeagro, la expropiaci\u00f3n de Agroisle\u00f1a hace 10 a\u00f1os marc\u00f3 el antes y el despu\u00e9s en la producci\u00f3n nacional, porque el gobierno con esa acci\u00f3n traz\u00f3 una estrategia equivocada, cuyas consecuencias se evidencian hoy con la disminuci\u00f3n significativa de las siembras y la<\/p>\n","protected":false},"author":2,"featured_media":0,"comment_status":"open","ping_status":"open","sticky":false,"template":"","format":"standard","meta":{"advanced_seo_description":"","jetpack_seo_html_title":"","jetpack_seo_noindex":false,"_jetpack_memberships_contains_paid_content":false,"footnotes":"","jetpack_publicize_message":"","jetpack_publicize_feature_enabled":true,"jetpack_social_post_already_shared":true,"jetpack_social_options":{"image_generator_settings":{"template":"highway","enabled":false},"version":2}},"categories":[19],"tags":[],"class_list":["post-315","post","type-post","status-publish","format-standard","hentry","category-agro",""],"jetpack_publicize_connections":[],"jetpack_featured_media_url":"","jetpack_sharing_enabled":true,"jetpack_likes_enabled":true,"jetpack-related-posts":[],"jetpack_shortlink":"https:\/\/wp.me\/pcseDn-55","_links":{"self":[{"href":"https:\/\/webdealta.info\/index.php?rest_route=\/wp\/v2\/posts\/315","targetHints":{"allow":["GET"]}}],"collection":[{"href":"https:\/\/webdealta.info\/index.php?rest_route=\/wp\/v2\/posts"}],"about":[{"href":"https:\/\/webdealta.info\/index.php?rest_route=\/wp\/v2\/types\/post"}],"author":[{"embeddable":true,"href":"https:\/\/webdealta.info\/index.php?rest_route=\/wp\/v2\/users\/2"}],"replies":[{"embeddable":true,"href":"https:\/\/webdealta.info\/index.php?rest_route=%2Fwp%2Fv2%2Fcomments&post=315"}],"version-history":[{"count":1,"href":"https:\/\/webdealta.info\/index.php?rest_route=\/wp\/v2\/posts\/315\/revisions"}],"predecessor-version":[{"id":317,"href":"https:\/\/webdealta.info\/index.php?rest_route=\/wp\/v2\/posts\/315\/revisions\/317"}],"wp:attachment":[{"href":"https:\/\/webdealta.info\/index.php?rest_route=%2Fwp%2Fv2%2Fmedia&parent=315"}],"wp:term":[{"taxonomy":"category","embeddable":true,"href":"https:\/\/webdealta.info\/index.php?rest_route=%2Fwp%2Fv2%2Fcategories&post=315"},{"taxonomy":"post_tag","embeddable":true,"href":"https:\/\/webdealta.info\/index.php?rest_route=%2Fwp%2Fv2%2Ftags&post=315"}],"curies":[{"name":"wp","href":"https:\/\/api.w.org\/{rel}","templated":true}]}}