{"id":3143,"date":"2021-09-02T16:20:08","date_gmt":"2021-09-02T20:20:08","guid":{"rendered":"https:\/\/webdealta.info\/?p=3143"},"modified":"2021-09-02T16:20:18","modified_gmt":"2021-09-02T20:20:18","slug":"padre-alfonso-fuera-de-peligro-tras-accidente-de-transito","status":"publish","type":"post","link":"https:\/\/webdealta.info\/?p=3143","title":{"rendered":"Padre Alfonso fuera de peligro tras accidente de tr\u00e1nsito"},"content":{"rendered":"\n<p>Amanda Saldivia.-<\/p>\n\n\n\n<p>La Di\u00f3cesis de Valle de la Pascua emiti\u00f3, este jueves dos de septiembre, un comunicado en el cual informa sobre del accidente de tr\u00e1nsito que sufri\u00f3 el padre Alfonso Mota y dos j\u00f3venes de la parroquia San Francisco de Paula, Macaira, municipio Monagas, Gu\u00e1rico, ocurrido en la tarde de este mi\u00e9rcoles en la troncal 11, a la altura de la poblaci\u00f3n de Camatagua.<\/p>\n\n\n\n<p>En el comunicado, firmado por Monse\u00f1or Ram\u00f3n Jos\u00e9 Aponte, se se\u00f1ala que el padre Alfonso y Rachel, una joven de la pastoral juvenil, se encuentran en \u201cbuenas condiciones de salud\u201d, mientras que Carlos Mujica ser\u00e1 intervenido quir\u00fargicamente.<\/p>\n\n\n\n<p>A continuaci\u00f3n el comunicado:<\/p>\n\n\n\n<p>COMUNICADO OFICIAL<\/p>\n\n\n\n<p>Al presbiterio y a la feligres\u00eda de la Di\u00f3cesis de Valle de la Pascua. Salud y paz en el Se\u00f1or.<\/p>\n\n\n\n<p>Informo el lamentable accidente de tr\u00e1nsito sufrido por el Pbro. Alfonso Mota y dos j\u00f3venes de su parroquia el d\u00eda 1 septiembre. Seg\u00fan noticias recibidas por parte de personas allegadas, el padre y la joven Rachel se encuentra en buenas condiciones salud. Invito a elevar nuestras oraciones por ellos y por el joven Carlos Mujica quien debe ser intervenido quir\u00fargicamente.<\/p>\n\n\n\n<p>Expreso mi solidaridad y cercan\u00eda con los familiares y amigos de los afectados.<\/p>\n\n\n\n<p>Valle de la Pascua 2 de septiembre de 2021<\/p>\n\n\n\n<p>Con mi bendici\u00f3n Episcopal. Mons. Ram\u00f3n J. Aponte F<\/p>\n\n\n\n<p>Obispo de Valle de la Pascua<\/p>\n\n\n\n<p>@amandasaldivia <\/p>\n\n\n\n<p><\/p>\n","protected":false},"excerpt":{"rendered":"<p>Amanda Saldivia.- La Di\u00f3cesis de Valle de la Pascua emiti\u00f3, este jueves dos de septiembre, un comunicado en el cual informa sobre del accidente de tr\u00e1nsito que sufri\u00f3 el padre Alfonso Mota y dos j\u00f3venes de la parroquia San Francisco de Paula, Macaira, municipio Monagas, Gu\u00e1rico, ocurrido en la tarde<\/p>\n","protected":false},"author":2,"featured_media":3144,"comment_status":"open","ping_status":"open","sticky":false,"template":"","format":"standard","meta":{"advanced_seo_description":"","jetpack_seo_html_title":"","jetpack_seo_noindex":false,"_jetpack_memberships_contains_paid_content":false,"footnotes":"","jetpack_publicize_message":"","jetpack_publicize_feature_enabled":true,"jetpack_social_post_already_shared":true,"jetpack_social_options":{"image_generator_settings":{"template":"highway","enabled":false},"version":2}},"categories":[159],"tags":[8,32],"class_list":["post-3143","post","type-post","status-publish","format-standard","has-post-thumbnail","hentry","category-accidente","tag-altagraciadeorituco","tag-webdealta",""],"jetpack_publicize_connections":[],"jetpack_featured_media_url":"https:\/\/webdealta.info\/wp-content\/uploads\/2021\/09\/webdealta-accidente-1.png","jetpack_sharing_enabled":true,"jetpack_likes_enabled":true,"jetpack-related-posts":[],"jetpack_shortlink":"https:\/\/wp.me\/pcseDn-OH","_links":{"self":[{"href":"https:\/\/webdealta.info\/index.php?rest_route=\/wp\/v2\/posts\/3143","targetHints":{"allow":["GET"]}}],"collection":[{"href":"https:\/\/webdealta.info\/index.php?rest_route=\/wp\/v2\/posts"}],"about":[{"href":"https:\/\/webdealta.info\/index.php?rest_route=\/wp\/v2\/types\/post"}],"author":[{"embeddable":true,"href":"https:\/\/webdealta.info\/index.php?rest_route=\/wp\/v2\/users\/2"}],"replies":[{"embeddable":true,"href":"https:\/\/webdealta.info\/index.php?rest_route=%2Fwp%2Fv2%2Fcomments&post=3143"}],"version-history":[{"count":1,"href":"https:\/\/webdealta.info\/index.php?rest_route=\/wp\/v2\/posts\/3143\/revisions"}],"predecessor-version":[{"id":3145,"href":"https:\/\/webdealta.info\/index.php?rest_route=\/wp\/v2\/posts\/3143\/revisions\/3145"}],"wp:featuredmedia":[{"embeddable":true,"href":"https:\/\/webdealta.info\/index.php?rest_route=\/wp\/v2\/media\/3144"}],"wp:attachment":[{"href":"https:\/\/webdealta.info\/index.php?rest_route=%2Fwp%2Fv2%2Fmedia&parent=3143"}],"wp:term":[{"taxonomy":"category","embeddable":true,"href":"https:\/\/webdealta.info\/index.php?rest_route=%2Fwp%2Fv2%2Fcategories&post=3143"},{"taxonomy":"post_tag","embeddable":true,"href":"https:\/\/webdealta.info\/index.php?rest_route=%2Fwp%2Fv2%2Ftags&post=3143"}],"curies":[{"name":"wp","href":"https:\/\/api.w.org\/{rel}","templated":true}]}}