{"id":3124,"date":"2021-08-31T22:16:22","date_gmt":"2021-09-01T02:16:22","guid":{"rendered":"https:\/\/webdealta.info\/?p=3124"},"modified":"2021-08-31T22:16:25","modified_gmt":"2021-09-01T02:16:25","slug":"plataforma-unitaria-dio-a-conocer-aspirantes-al-concejo-municipal","status":"publish","type":"post","link":"https:\/\/webdealta.info\/?p=3124","title":{"rendered":"Plataforma Unitaria dio a conocer aspirantes al Concejo Municipal"},"content":{"rendered":"\n<p>Amanda Saldivia.-<\/p>\n\n\n\n<p>Lento el proceso de conocer qui\u00e9nes ser\u00e1n los candidatos al Concejo del municipio Monagas por las distintas organizaciones pol\u00edticas de esta regi\u00f3n guarique\u00f1a, toda vez que el proceso de escogencia pasa por el consenso entre los representantes de los partidos, como fue el caso de la Plataforma Unitaria de la oposici\u00f3n, la cual este martes 31 de agosto comparti\u00f3 la lista de aspirantes.<\/p>\n\n\n\n<p>Carmen Cecilia Aragort, quien es la abanderada a la alcald\u00eda, dijo que este mi\u00e9rcoles primero de septiembre ser\u00e1 la inscripci\u00f3n en l\u00ednea, a trav\u00e9s de la plataforma del Consejo Nacional Electoral, con la tarjera de la Mesa de la Unidad Democr\u00e1tica, pero no est\u00e1 previsto ning\u00fan acto en la Junta local del CNE en Altagracia de Orituco.<\/p>\n\n\n\n<p>Compartimos la lista suministrada por Carmen Cecilia Aragort, respecto a quienes ser\u00e1n los candidatos al Concejo Municipal:<\/p>\n\n\n\n<p>Principal:<\/p>\n\n\n\n<p>Andre\u00edna Zerpa Vivas (Voluntad Popular)<\/p>\n\n\n\n<p>Alberto Silva (Copei)<\/p>\n\n\n\n<p>Maritza Del Valle Pacheco Polo (Un Nuevo Tiempo)<\/p>\n\n\n\n<p>Lazaro Freddy Hern\u00e1ndez. (Sociedad Civil).<\/p>\n\n\n\n<p>Suplente:<\/p>\n\n\n\n<p>Luis Laya (Primero Justicia)<\/p>\n\n\n\n<p>Jacqueline Gonz\u00e1lez (Voluntad Popular)<\/p>\n\n\n\n<p>Israel Caldera (Copei)<\/p>\n\n\n\n<p>Maura del Rosario Su\u00e1rez Panazuela. (Sociedad Civil)<\/p>\n\n\n\n<p>Nominales por la Parroquia Altagracia:<\/p>\n\n\n\n<p>Principal:<\/p>\n\n\n\n<p>Yolivares Infante Camacho (Acci\u00f3n Democr\u00e1tica) Suplente: &#8211; Aisquel Zulay Rodr\u00edguez (UNT)<\/p>\n\n\n\n<p>Principal:<\/p>\n\n\n\n<p>Mariela Pi\u00f1ango (Primero Justicia). Suplente: Jes\u00fas Ram\u00f3n Yanez ( Acci\u00f3n Democr\u00e1tica)<\/p>\n\n\n\n<p>Nominal por la Parroquia For\u00e1nea:<\/p>\n\n\n\n<p>Julia Guillermina Hern\u00e1ndez (Sociedad Civil) \u00a0Suplente: &#8211; Santiago Alfonzo Gonz\u00e1lez (Sociedad Civil)<\/p>\n\n\n\n<p>@amandasaldivia<\/p>\n\n\n\n<p><\/p>\n","protected":false},"excerpt":{"rendered":"<p>Amanda Saldivia.- Lento el proceso de conocer qui\u00e9nes ser\u00e1n los candidatos al Concejo del municipio Monagas por las distintas organizaciones pol\u00edticas de esta regi\u00f3n guarique\u00f1a, toda vez que el proceso de escogencia pasa por el consenso entre los representantes de los partidos, como fue el caso de la Plataforma Unitaria<\/p>\n","protected":false},"author":2,"featured_media":3126,"comment_status":"open","ping_status":"open","sticky":false,"template":"","format":"standard","meta":{"advanced_seo_description":"","jetpack_seo_html_title":"","jetpack_seo_noindex":false,"_jetpack_memberships_contains_paid_content":false,"footnotes":"","jetpack_publicize_message":"","jetpack_publicize_feature_enabled":true,"jetpack_social_post_already_shared":true,"jetpack_social_options":{"image_generator_settings":{"template":"highway","enabled":false},"version":2}},"categories":[226],"tags":[8,128,32],"class_list":["post-3124","post","type-post","status-publish","format-standard","has-post-thumbnail","hentry","category-candidaturas","tag-altagraciadeorituco","tag-concejomunicipal","tag-webdealta",""],"jetpack_publicize_connections":[],"jetpack_featured_media_url":"https:\/\/webdealta.info\/wp-content\/uploads\/2021\/08\/alcaldia-webdealta.jpg","jetpack_sharing_enabled":true,"jetpack_likes_enabled":true,"jetpack-related-posts":[],"jetpack_shortlink":"https:\/\/wp.me\/pcseDn-Oo","_links":{"self":[{"href":"https:\/\/webdealta.info\/index.php?rest_route=\/wp\/v2\/posts\/3124","targetHints":{"allow":["GET"]}}],"collection":[{"href":"https:\/\/webdealta.info\/index.php?rest_route=\/wp\/v2\/posts"}],"about":[{"href":"https:\/\/webdealta.info\/index.php?rest_route=\/wp\/v2\/types\/post"}],"author":[{"embeddable":true,"href":"https:\/\/webdealta.info\/index.php?rest_route=\/wp\/v2\/users\/2"}],"replies":[{"embeddable":true,"href":"https:\/\/webdealta.info\/index.php?rest_route=%2Fwp%2Fv2%2Fcomments&post=3124"}],"version-history":[{"count":1,"href":"https:\/\/webdealta.info\/index.php?rest_route=\/wp\/v2\/posts\/3124\/revisions"}],"predecessor-version":[{"id":3127,"href":"https:\/\/webdealta.info\/index.php?rest_route=\/wp\/v2\/posts\/3124\/revisions\/3127"}],"wp:featuredmedia":[{"embeddable":true,"href":"https:\/\/webdealta.info\/index.php?rest_route=\/wp\/v2\/media\/3126"}],"wp:attachment":[{"href":"https:\/\/webdealta.info\/index.php?rest_route=%2Fwp%2Fv2%2Fmedia&parent=3124"}],"wp:term":[{"taxonomy":"category","embeddable":true,"href":"https:\/\/webdealta.info\/index.php?rest_route=%2Fwp%2Fv2%2Fcategories&post=3124"},{"taxonomy":"post_tag","embeddable":true,"href":"https:\/\/webdealta.info\/index.php?rest_route=%2Fwp%2Fv2%2Ftags&post=3124"}],"curies":[{"name":"wp","href":"https:\/\/api.w.org\/{rel}","templated":true}]}}