{"id":3108,"date":"2021-08-29T21:29:35","date_gmt":"2021-08-30T01:29:35","guid":{"rendered":"https:\/\/webdealta.info\/?p=3108"},"modified":"2021-08-29T21:29:37","modified_gmt":"2021-08-30T01:29:37","slug":"domingo-29-08-tres-los-aspirantes-inscritos-ante-el-cne","status":"publish","type":"post","link":"https:\/\/webdealta.info\/?p=3108","title":{"rendered":"Domingo 29\/08: tres los aspirantes inscritos ante el CNE"},"content":{"rendered":"\n<p>Amanda Saldivia.-<\/p>\n\n\n\n<p>Hasta este domingo 29 de agosto solo tres candidatos han sido inscritos como aspirantes a la Alcald\u00eda del municipio Monagas, Gu\u00e1rico, para los venideros comicios del 21 de noviembre, pero se esperan otras formalizaciones ante el Consejo Nacional Electoral, organismo que prorrog\u00f3 el plazo tres d\u00edas m\u00e1s, es decir vence el primero de septiembre.<\/p>\n\n\n\n<p>Los candidatos inscritos son Lorenzo Repillosa (PCV), Jos\u00e9 Medina (UPV-89) y Elba Atencio (Alianza Democr\u00e1tica), se espera que el PSUV haga lo mismo con Pedro Sol\u00f3rzano y est\u00e1 por definirse la participaci\u00f3n de los partidos del G4 (Primero Justicia, Un Nuevo Tiempo, Acci\u00f3n Democr\u00e1tica y Voluntad Popular), ya que al momento de redactar esta nota todav\u00eda no hay decisi\u00f3n al respecto. No obstante, por consenso fue escogida Carmen Cecilia Aragort.<\/p>\n\n\n\n<p>Trascendi\u00f3 que ser\u00e1 este lunes cuando ya se comiencen a conocer los nombres de los candidatos al Concejo Municipal, porque todav\u00eda hay discusiones a lo interno de las organizaciones pol\u00edticas.<\/p>\n\n\n\n<p>Este domingo resalt\u00f3 el acto de inscripci\u00f3n de la candidata Elba Atencio, quien adem\u00e1s de haber sido inscrita por el sistema del CNE fue a formalizar el proceso con un acto en la sede de la Junta Electoral Municipal, que funciona en la sede de la escuela b\u00e1sica Jos\u00e9 Ram\u00f3n Camejo de Altagracia de Orituco.<\/p>\n\n\n\n<p>Posiblemente la inscripci\u00f3n de Pedro Sol\u00f3rzano y de quienes defina el PSUV como candidatos al Concejo Municipal, sea entre martes o mi\u00e9rcoles, porque este lunes hay un encuentro con el gobernador Jos\u00e9 V\u00e1squez.<\/p>\n\n\n\n<p>@amandasaldivia<\/p>\n\n\n\n<p><\/p>\n","protected":false},"excerpt":{"rendered":"<p>Amanda Saldivia.- Hasta este domingo 29 de agosto solo tres candidatos han sido inscritos como aspirantes a la Alcald\u00eda del municipio Monagas, Gu\u00e1rico, para los venideros comicios del 21 de noviembre, pero se esperan otras formalizaciones ante el Consejo Nacional Electoral, organismo que prorrog\u00f3 el plazo tres d\u00edas m\u00e1s, es<\/p>\n","protected":false},"author":2,"featured_media":3109,"comment_status":"open","ping_status":"open","sticky":false,"template":"","format":"standard","meta":{"advanced_seo_description":"","jetpack_seo_html_title":"","jetpack_seo_noindex":false,"_jetpack_memberships_contains_paid_content":false,"footnotes":"","jetpack_publicize_message":"","jetpack_publicize_feature_enabled":true,"jetpack_social_post_already_shared":true,"jetpack_social_options":{"image_generator_settings":{"template":"highway","enabled":false},"version":2}},"categories":[226],"tags":[8,227,32],"class_list":["post-3108","post","type-post","status-publish","format-standard","has-post-thumbnail","hentry","category-candidaturas","tag-altagraciadeorituco","tag-cne","tag-webdealta",""],"jetpack_publicize_connections":[],"jetpack_featured_media_url":"https:\/\/webdealta.info\/wp-content\/uploads\/2021\/08\/CNE-webdealta-1.jpg","jetpack_sharing_enabled":true,"jetpack_likes_enabled":true,"jetpack-related-posts":[],"jetpack_shortlink":"https:\/\/wp.me\/pcseDn-O8","_links":{"self":[{"href":"https:\/\/webdealta.info\/index.php?rest_route=\/wp\/v2\/posts\/3108","targetHints":{"allow":["GET"]}}],"collection":[{"href":"https:\/\/webdealta.info\/index.php?rest_route=\/wp\/v2\/posts"}],"about":[{"href":"https:\/\/webdealta.info\/index.php?rest_route=\/wp\/v2\/types\/post"}],"author":[{"embeddable":true,"href":"https:\/\/webdealta.info\/index.php?rest_route=\/wp\/v2\/users\/2"}],"replies":[{"embeddable":true,"href":"https:\/\/webdealta.info\/index.php?rest_route=%2Fwp%2Fv2%2Fcomments&post=3108"}],"version-history":[{"count":1,"href":"https:\/\/webdealta.info\/index.php?rest_route=\/wp\/v2\/posts\/3108\/revisions"}],"predecessor-version":[{"id":3110,"href":"https:\/\/webdealta.info\/index.php?rest_route=\/wp\/v2\/posts\/3108\/revisions\/3110"}],"wp:featuredmedia":[{"embeddable":true,"href":"https:\/\/webdealta.info\/index.php?rest_route=\/wp\/v2\/media\/3109"}],"wp:attachment":[{"href":"https:\/\/webdealta.info\/index.php?rest_route=%2Fwp%2Fv2%2Fmedia&parent=3108"}],"wp:term":[{"taxonomy":"category","embeddable":true,"href":"https:\/\/webdealta.info\/index.php?rest_route=%2Fwp%2Fv2%2Fcategories&post=3108"},{"taxonomy":"post_tag","embeddable":true,"href":"https:\/\/webdealta.info\/index.php?rest_route=%2Fwp%2Fv2%2Ftags&post=3108"}],"curies":[{"name":"wp","href":"https:\/\/api.w.org\/{rel}","templated":true}]}}