{"id":3081,"date":"2021-08-25T22:12:17","date_gmt":"2021-08-26T02:12:17","guid":{"rendered":"https:\/\/webdealta.info\/?p=3081"},"modified":"2021-08-25T22:12:20","modified_gmt":"2021-08-26T02:12:20","slug":"inscribieron-a-jose-medina-como-candidato-a-la-alcaldia","status":"publish","type":"post","link":"https:\/\/webdealta.info\/?p=3081","title":{"rendered":"Inscribieron a Jos\u00e9 Medina como candidato a la alcald\u00eda"},"content":{"rendered":"\n<p>Amanda Saldivia.-<\/p>\n\n\n\n<p>Jos\u00e9 Medina, exconcejal del municipio Monagas, anunci\u00f3 que fue postulado ante el Consejo Nacional Electoral como candidato a la alcald\u00eda del municipio Monagas, tras recibir el apoyo de varias organizaciones pol\u00edticas, entre ellas Bandera Roja, Movimiento Revolucionario, Lapi y UPP-89.<\/p>\n\n\n\n<p>En un enlace telef\u00f3nico con el programa Tiempo de Cambios que conduce la redactora de esta nota, dijo que su candidatura no busca dividir a la oposici\u00f3n, sino generar las condiciones para conversar sobre c\u00f3mo escoger a quienes tengan el mejor perfil para conducir esta regi\u00f3n guarique\u00f1a, la cual considera no ha sido bien orientada en los \u00faltimos a\u00f1os, tal como se evidencia por el deterioro de los servicios p\u00fablicos y de las instituciones en general.<\/p>\n\n\n\n<p>A trav\u00e9s del espacio radial llam\u00f3 a los otros aspirantes a reunirse, a los fines de determinar cu\u00e1l ser\u00eda la mejor forma para seleccionar la candidatura a la alcald\u00eda y al Concejo Municipal, adem\u00e1s dej\u00f3 entrever que una podr\u00eda ser recorrer las parroquias para pulsar la opini\u00f3n de los electores o escoger por consenso a los aspirantes.<\/p>\n\n\n\n<p>Para Jos\u00e9 Medina, est\u00e1n dadas las condiciones para ganar la alcald\u00eda del municipio Monagas, tras demostrarse con los resultados de la consulta del PSUV que no hay un liderazgo claro en ese partido, porque ning\u00fan aspirante lleg\u00f3 al 35% de los votos en las elecciones internas, lo que trajo consigo que a la fecha se desconozca qui\u00e9n ser\u00e1 el abanderado de esa tolda pol\u00edtica.<\/p>\n\n\n\n<p>Otra de las consideraciones expresadas por Jos\u00e9 Medina, es que se considera un candidato independiente, aunque \u00e9l fue concejal por el chavismo.<\/p>\n\n\n\n<p>@amandasaldivia<\/p>\n\n\n\n<p><\/p>\n","protected":false},"excerpt":{"rendered":"<p>Amanda Saldivia.- Jos\u00e9 Medina, exconcejal del municipio Monagas, anunci\u00f3 que fue postulado ante el Consejo Nacional Electoral como candidato a la alcald\u00eda del municipio Monagas, tras recibir el apoyo de varias organizaciones pol\u00edticas, entre ellas Bandera Roja, Movimiento Revolucionario, Lapi y UPP-89. En un enlace telef\u00f3nico con el programa Tiempo<\/p>\n","protected":false},"author":2,"featured_media":1704,"comment_status":"open","ping_status":"open","sticky":false,"template":"","format":"standard","meta":{"advanced_seo_description":"","jetpack_seo_html_title":"","jetpack_seo_noindex":false,"_jetpack_memberships_contains_paid_content":false,"footnotes":"","jetpack_publicize_message":"","jetpack_publicize_feature_enabled":true,"jetpack_social_post_already_shared":true,"jetpack_social_options":{"image_generator_settings":{"template":"highway","enabled":false},"version":2}},"categories":[225],"tags":[],"class_list":["post-3081","post","type-post","status-publish","format-standard","has-post-thumbnail","hentry","category-candidatura",""],"jetpack_publicize_connections":[],"jetpack_featured_media_url":"https:\/\/webdealta.info\/wp-content\/uploads\/2021\/03\/alcaldia-del-municipio-Monagas-webdealta-william-fourneau.jpg","jetpack_sharing_enabled":true,"jetpack_likes_enabled":true,"jetpack-related-posts":[],"jetpack_shortlink":"https:\/\/wp.me\/pcseDn-NH","_links":{"self":[{"href":"https:\/\/webdealta.info\/index.php?rest_route=\/wp\/v2\/posts\/3081","targetHints":{"allow":["GET"]}}],"collection":[{"href":"https:\/\/webdealta.info\/index.php?rest_route=\/wp\/v2\/posts"}],"about":[{"href":"https:\/\/webdealta.info\/index.php?rest_route=\/wp\/v2\/types\/post"}],"author":[{"embeddable":true,"href":"https:\/\/webdealta.info\/index.php?rest_route=\/wp\/v2\/users\/2"}],"replies":[{"embeddable":true,"href":"https:\/\/webdealta.info\/index.php?rest_route=%2Fwp%2Fv2%2Fcomments&post=3081"}],"version-history":[{"count":1,"href":"https:\/\/webdealta.info\/index.php?rest_route=\/wp\/v2\/posts\/3081\/revisions"}],"predecessor-version":[{"id":3082,"href":"https:\/\/webdealta.info\/index.php?rest_route=\/wp\/v2\/posts\/3081\/revisions\/3082"}],"wp:featuredmedia":[{"embeddable":true,"href":"https:\/\/webdealta.info\/index.php?rest_route=\/wp\/v2\/media\/1704"}],"wp:attachment":[{"href":"https:\/\/webdealta.info\/index.php?rest_route=%2Fwp%2Fv2%2Fmedia&parent=3081"}],"wp:term":[{"taxonomy":"category","embeddable":true,"href":"https:\/\/webdealta.info\/index.php?rest_route=%2Fwp%2Fv2%2Fcategories&post=3081"},{"taxonomy":"post_tag","embeddable":true,"href":"https:\/\/webdealta.info\/index.php?rest_route=%2Fwp%2Fv2%2Ftags&post=3081"}],"curies":[{"name":"wp","href":"https:\/\/api.w.org\/{rel}","templated":true}]}}