{"id":3074,"date":"2021-08-24T23:24:15","date_gmt":"2021-08-25T03:24:15","guid":{"rendered":"https:\/\/webdealta.info\/?p=3074"},"modified":"2021-08-24T23:24:17","modified_gmt":"2021-08-25T03:24:17","slug":"reparan-red-de-aguas-servidas-en-camoruco","status":"publish","type":"post","link":"https:\/\/webdealta.info\/?p=3074","title":{"rendered":"Reparan red de aguas servidas en Camoruco"},"content":{"rendered":"\n<p>Amanda Saldivia.-<\/p>\n\n\n\n<p>La familia Vegas Canache tiene seis meses sin poder utilizar el sistema de ca\u00f1er\u00edas de su vivienda, desde que colaps\u00f3 la red de aguas servidas de la transversal 1, entre la vereda 1 y 2 de Camoruco, urbanizaci\u00f3n de Altagracia de Orituco, Gu\u00e1rico.<\/p>\n\n\n\n<p>De acuerdo, al testimonio dado a la Web de Altagracia, durante esos meses no han podido utilizar \u00e1reas tales como ba\u00f1os, lavamanos y hasta el fregadero de la cocina, motivo por el cual todas estas actividades cotidianas de la familia las hacen en el patio.<\/p>\n\n\n\n<p>Explicaron, que con la llegada del per\u00edodo de lluvias la situaci\u00f3n se complic\u00f3, porque m\u00e1s viviendas de la zona comenzaron a presentar el mismo problema, es decir las aguas brotaban por los inodoros debido al colapso de la red principal.<\/p>\n\n\n\n<p>Al preguntarle sobre las gestiones emprendidas, dijeron que expusieron el caso hace seis meses ante la Direcci\u00f3n de Servicios P\u00fablicos de la alcald\u00eda y esta semana lleg\u00f3 la retroexcavadora, equipo enviado por la gobernaci\u00f3n de Gu\u00e1rico, a los fines de llevar adelante la sustituci\u00f3n de 65 metros de tuber\u00eda.<\/p>\n\n\n\n<p>Creen que los tubos de asbesto, pudieran ser los instalados cuando se fund\u00f3 esa urbanizaci\u00f3n hace m\u00e1s de 50 a\u00f1os, eso en virtud del deterioro que observaron luego de que la maquinaria dejara al descubierto el \u00e1rea.<\/p>\n\n\n\n<p>El colapso de las redes de aguas servidas en la transversal 1 de Camoruco, es uno de los tantos que hay en esta regi\u00f3n guarique\u00f1a. Trabajos similares deben realizarse en la vereda 3 de esa misma urbanizaci\u00f3n, en la calle principal de Paural e igualmente en las poblaciones de Lezama y Paso Real de Macaira.<\/p>\n\n\n\n<p>Hasta el momento el argumento para el retraso en la atenci\u00f3n a las comunidades, ha sido que la alcald\u00eda no dispone de la maquinaria para ejecutarlos y no siempre tienen el apoyo de otros entes p\u00fablicos.<\/p>\n\n\n\n<p>@amandasaldivia<\/p>\n\n\n\n<p><\/p>\n","protected":false},"excerpt":{"rendered":"<p>Amanda Saldivia.- La familia Vegas Canache tiene seis meses sin poder utilizar el sistema de ca\u00f1er\u00edas de su vivienda, desde que colaps\u00f3 la red de aguas servidas de la transversal 1, entre la vereda 1 y 2 de Camoruco, urbanizaci\u00f3n de Altagracia de Orituco, Gu\u00e1rico. De acuerdo, al testimonio dado<\/p>\n","protected":false},"author":2,"featured_media":3075,"comment_status":"open","ping_status":"open","sticky":false,"template":"","format":"standard","meta":{"advanced_seo_description":"","jetpack_seo_html_title":"","jetpack_seo_noindex":false,"_jetpack_memberships_contains_paid_content":false,"footnotes":"","jetpack_publicize_message":"","jetpack_publicize_feature_enabled":true,"jetpack_social_post_already_shared":true,"jetpack_social_options":{"image_generator_settings":{"template":"highway","enabled":false},"version":2}},"categories":[99],"tags":[248,8,32],"class_list":["post-3074","post","type-post","status-publish","format-standard","has-post-thumbnail","hentry","category-aguas-servidas","tag-aguasservidas","tag-altagraciadeorituco","tag-webdealta",""],"jetpack_publicize_connections":[],"jetpack_featured_media_url":"https:\/\/webdealta.info\/wp-content\/uploads\/2021\/08\/aguas-servidas-camoruco-webdealta.jpg","jetpack_sharing_enabled":true,"jetpack_likes_enabled":true,"jetpack-related-posts":[],"jetpack_shortlink":"https:\/\/wp.me\/pcseDn-NA","_links":{"self":[{"href":"https:\/\/webdealta.info\/index.php?rest_route=\/wp\/v2\/posts\/3074","targetHints":{"allow":["GET"]}}],"collection":[{"href":"https:\/\/webdealta.info\/index.php?rest_route=\/wp\/v2\/posts"}],"about":[{"href":"https:\/\/webdealta.info\/index.php?rest_route=\/wp\/v2\/types\/post"}],"author":[{"embeddable":true,"href":"https:\/\/webdealta.info\/index.php?rest_route=\/wp\/v2\/users\/2"}],"replies":[{"embeddable":true,"href":"https:\/\/webdealta.info\/index.php?rest_route=%2Fwp%2Fv2%2Fcomments&post=3074"}],"version-history":[{"count":1,"href":"https:\/\/webdealta.info\/index.php?rest_route=\/wp\/v2\/posts\/3074\/revisions"}],"predecessor-version":[{"id":3076,"href":"https:\/\/webdealta.info\/index.php?rest_route=\/wp\/v2\/posts\/3074\/revisions\/3076"}],"wp:featuredmedia":[{"embeddable":true,"href":"https:\/\/webdealta.info\/index.php?rest_route=\/wp\/v2\/media\/3075"}],"wp:attachment":[{"href":"https:\/\/webdealta.info\/index.php?rest_route=%2Fwp%2Fv2%2Fmedia&parent=3074"}],"wp:term":[{"taxonomy":"category","embeddable":true,"href":"https:\/\/webdealta.info\/index.php?rest_route=%2Fwp%2Fv2%2Fcategories&post=3074"},{"taxonomy":"post_tag","embeddable":true,"href":"https:\/\/webdealta.info\/index.php?rest_route=%2Fwp%2Fv2%2Ftags&post=3074"}],"curies":[{"name":"wp","href":"https:\/\/api.w.org\/{rel}","templated":true}]}}