{"id":2993,"date":"2021-08-21T19:31:05","date_gmt":"2021-08-21T23:31:05","guid":{"rendered":"https:\/\/webdealta.info\/?p=2993"},"modified":"2021-08-21T19:31:08","modified_gmt":"2021-08-21T23:31:08","slug":"fedeguarico-de-chaguaramas-a-altagracia-tardamos-dos-horas","status":"publish","type":"post","link":"https:\/\/webdealta.info\/?p=2993","title":{"rendered":"Fedegu\u00e1rico: \u201cDe Chaguaramas a Altagracia tardamos dos horas\u201d"},"content":{"rendered":"\n<p>Amanda Saldivia.-<\/p>\n\n\n\n<p>La vialidad rural de Gu\u00e1rico es de aproximadamente tres mil kil\u00f3metros y est\u00e1 en p\u00e9simas condiciones, porque no hay un plan de mantenimiento, a pesar de las promesas de establecer alianzas con las asociaciones de productores para mejorarlas.<\/p>\n\n\n\n<p>As\u00ed lo asever\u00f3 Jos\u00e9 Quiterio Matos, presidente de Fedegu\u00e1rico, quien particip\u00f3 en la junta directiva de Fedeagro celebrada en Altagracia de Orituco, donde entre otros temas de la agenda, se abord\u00f3 la vialidad como aspecto fundamental para la producci\u00f3n agropecuaria.<\/p>\n\n\n\n<p>El dirigente argument\u00f3 que Gu\u00e1rico \u201cest\u00e1 entre el tercero o cuarto estados m\u00e1s grande del pa\u00eds, es el \u00fanico que limita con ocho regiones&#8230;y tiene m\u00e1s o menos una red rural, sin meter las urbanas, de tres mil kil\u00f3metros, la vialidad est\u00e1 en p\u00e9simas condiciones, tenemos a\u00f1os que no vemos ninguna m\u00e1quina amarilla, que antes se ve\u00edan en reparaciones peri\u00f3dicas\u201d.<\/p>\n\n\n\n<p>Agreg\u00f3 que la limitante en el tr\u00e1nsito por las v\u00edas rurales es preocupante, ya que afecta directamente la producci\u00f3n agr\u00edcola y favorece las pr\u00e1cticas delictivas, toda vez que una \u201cuna v\u00eda mala se presta para la inseguridad\u201d.<\/p>\n\n\n\n<p>Jos\u00e9 Quiterio Matos lament\u00f3 que tard\u00f3 dos horas para trasladarse desde Chaguaramas a Altagracia que son apenas 70 kil\u00f3metros y que esa v\u00eda que antes estaba asfaltada, ahora se transform\u00f3 en una carretera rural, producto de la falta de mantenimiento.<\/p>\n\n\n\n<p>Por \u00faltimo, record\u00f3 que a comienzos de 2021 hubo un encuentro en Valle de la Pascua, con funcionarios del gobierno, en el cual estaban los representantes de las asociaciones y se acord\u00f3 que iban a asignar la maquinaria para reparar la vialidad agr\u00edcola, pero eso no se concret\u00f3.<\/p>\n\n\n\n<p>@amandasaldivia<\/p>\n\n\n\n<p><\/p>\n","protected":false},"excerpt":{"rendered":"<p>Amanda Saldivia.- La vialidad rural de Gu\u00e1rico es de aproximadamente tres mil kil\u00f3metros y est\u00e1 en p\u00e9simas condiciones, porque no hay un plan de mantenimiento, a pesar de las promesas de establecer alianzas con las asociaciones de productores para mejorarlas. As\u00ed lo asever\u00f3 Jos\u00e9 Quiterio Matos, presidente de Fedegu\u00e1rico, quien<\/p>\n","protected":false},"author":2,"featured_media":2994,"comment_status":"open","ping_status":"open","sticky":false,"template":"","format":"standard","meta":{"advanced_seo_description":"","jetpack_seo_html_title":"","jetpack_seo_noindex":false,"_jetpack_memberships_contains_paid_content":false,"footnotes":"","jetpack_publicize_message":"","jetpack_publicize_feature_enabled":true,"jetpack_social_post_already_shared":true,"jetpack_social_options":{"image_generator_settings":{"template":"highway","enabled":false},"version":2}},"categories":[16],"tags":[8,45,32],"class_list":["post-2993","post","type-post","status-publish","format-standard","has-post-thumbnail","hentry","category-vialidad","tag-altagraciadeorituco","tag-vialidad","tag-webdealta",""],"jetpack_publicize_connections":[],"jetpack_featured_media_url":"https:\/\/webdealta.info\/wp-content\/uploads\/2021\/08\/webdealta-vialidad-10-1.jpg","jetpack_sharing_enabled":true,"jetpack_likes_enabled":true,"jetpack-related-posts":[],"jetpack_shortlink":"https:\/\/wp.me\/pcseDn-Mh","_links":{"self":[{"href":"https:\/\/webdealta.info\/index.php?rest_route=\/wp\/v2\/posts\/2993","targetHints":{"allow":["GET"]}}],"collection":[{"href":"https:\/\/webdealta.info\/index.php?rest_route=\/wp\/v2\/posts"}],"about":[{"href":"https:\/\/webdealta.info\/index.php?rest_route=\/wp\/v2\/types\/post"}],"author":[{"embeddable":true,"href":"https:\/\/webdealta.info\/index.php?rest_route=\/wp\/v2\/users\/2"}],"replies":[{"embeddable":true,"href":"https:\/\/webdealta.info\/index.php?rest_route=%2Fwp%2Fv2%2Fcomments&post=2993"}],"version-history":[{"count":1,"href":"https:\/\/webdealta.info\/index.php?rest_route=\/wp\/v2\/posts\/2993\/revisions"}],"predecessor-version":[{"id":2995,"href":"https:\/\/webdealta.info\/index.php?rest_route=\/wp\/v2\/posts\/2993\/revisions\/2995"}],"wp:featuredmedia":[{"embeddable":true,"href":"https:\/\/webdealta.info\/index.php?rest_route=\/wp\/v2\/media\/2994"}],"wp:attachment":[{"href":"https:\/\/webdealta.info\/index.php?rest_route=%2Fwp%2Fv2%2Fmedia&parent=2993"}],"wp:term":[{"taxonomy":"category","embeddable":true,"href":"https:\/\/webdealta.info\/index.php?rest_route=%2Fwp%2Fv2%2Fcategories&post=2993"},{"taxonomy":"post_tag","embeddable":true,"href":"https:\/\/webdealta.info\/index.php?rest_route=%2Fwp%2Fv2%2Ftags&post=2993"}],"curies":[{"name":"wp","href":"https:\/\/api.w.org\/{rel}","templated":true}]}}