{"id":2984,"date":"2021-08-20T21:00:17","date_gmt":"2021-08-21T01:00:17","guid":{"rendered":"https:\/\/webdealta.info\/?p=2984"},"modified":"2021-08-20T21:00:22","modified_gmt":"2021-08-21T01:00:22","slug":"dia-nacional-del-bombero-ratificaron-compromiso-de-servir","status":"publish","type":"post","link":"https:\/\/webdealta.info\/?p=2984","title":{"rendered":"D\u00eda Nacional del Bombero: ratificaron compromiso de servir"},"content":{"rendered":"\n<p>Amanda Saldivia.-<\/p>\n\n\n\n<p>Para resaltar la labor de los llamados h\u00e9roes de azul, hombres y mujeres que con disciplina y abnegaci\u00f3n dedican su vida a la prevenci\u00f3n, extinci\u00f3n de incendio y atenci\u00f3n de emergencias, se celebr\u00f3 este 20 de agosto una Santa Misa en la iglesia San Jos\u00e9 Obrero de Altagracia de Orituco, Gu\u00e1rico, como parte de la celebraci\u00f3n del D\u00eda Nacional del Bombero.<\/p>\n\n\n\n<p>La eucarist\u00eda la ofici\u00f3 el padre Luis M\u00e1rquez, quien en la homil\u00eda se refiri\u00f3 a \u201ccercan\u00eda y compasi\u00f3n\u201d como la caracter\u00edstica que debe prevalecer en los funcionarios bomberiles, por el servicio dedicado a aquellos que requieren ayuda en medio de emergencias, tal como lo hacen los integrantes del Cuerpo de Bomberos Mayor Andr\u00e9 Fourneau, instituci\u00f3n que preside el coronel Denis Dur\u00e1n.<\/p>\n\n\n\n<p>El padre M\u00e1rquez felicit\u00f3 la presencia de representantes de otras instituciones, entre ellos Protecci\u00f3n Civil, Cuerpo de Investigaciones Cient\u00edficas, Penales y Criminal\u00edsticas (CICPC) y medios de comunicaci\u00f3n social, porque son expresi\u00f3n de la unidad que merece una sociedad que se siente agobiada ante tantos problemas y reclama mayor compromiso de las instituciones. Igualmente mencion\u00f3 a dos funcionarios fallecidos Andr\u00e9 Fourneau y Manuel Magallanes.<\/p>\n\n\n\n<p>Por su parte, el coronel Denis Dur\u00e1n, al ofrecer declaraciones a la Web de Altagracia, se\u00f1al\u00f3 que cada 20 de agosto, desde el a\u00f1o 1972, se celebra en Venezuela el D\u00eda Nacional de Bombero y la fecha fue seleccionada en el marco del Primer Congreso Bolivariano de Bomberos, que se realiz\u00f3 en Maracaibo, estado Zulia, en el cual participaron representantes de los cuerpos de bomberos de los cinco pa\u00edses liberados por nuestro libertador Sim\u00f3n Bol\u00edvar.<\/p>\n\n\n\n<p>Cree que el bombero nace con esa vocaci\u00f3n  y que parte fundamental de la entrega al servicio de la comunidad se logra por el apoyo de la familia, porque son comprensivos a la hora de entender que primero est\u00e1 el deber a cualquier otro compromiso. En su caso, dijo que ingres\u00f3 a la carrera bomberil a los 20 a\u00f1os y ya tiene 22 dedicado a esta labor.<\/p>\n\n\n\n<p>M\u00e1s de 50 funcionarios integran el cuerpo de bomberos de Altagracia de Orituco y este 20 de agosto celebraron con una Santa Misa para ratificar ante Dios el compromiso de servir.<\/p>\n\n\n\n<p>@amandasaldivia<\/p>\n\n\n\n<p><\/p>\n","protected":false},"excerpt":{"rendered":"<p>Amanda Saldivia.- Para resaltar la labor de los llamados h\u00e9roes de azul, hombres y mujeres que con disciplina y abnegaci\u00f3n dedican su vida a la prevenci\u00f3n, extinci\u00f3n de incendio y atenci\u00f3n de emergencias, se celebr\u00f3 este 20 de agosto una Santa Misa en la iglesia San Jos\u00e9 Obrero de Altagracia<\/p>\n","protected":false},"author":2,"featured_media":2985,"comment_status":"open","ping_status":"open","sticky":false,"template":"","format":"standard","meta":{"advanced_seo_description":"","jetpack_seo_html_title":"","jetpack_seo_noindex":false,"_jetpack_memberships_contains_paid_content":false,"footnotes":"","jetpack_publicize_message":"","jetpack_publicize_feature_enabled":true,"jetpack_social_post_already_shared":true,"jetpack_social_options":{"image_generator_settings":{"template":"highway","enabled":false},"version":2}},"categories":[117],"tags":[8,274,32],"class_list":["post-2984","post","type-post","status-publish","format-standard","has-post-thumbnail","hentry","category-celebracion","tag-altagraciadeorituco","tag-dianacionaldelbombero","tag-webdealta",""],"jetpack_publicize_connections":[],"jetpack_featured_media_url":"https:\/\/webdealta.info\/wp-content\/uploads\/2021\/08\/dia-del-bombero-webdealta-1.jpg","jetpack_sharing_enabled":true,"jetpack_likes_enabled":true,"jetpack-related-posts":[],"jetpack_shortlink":"https:\/\/wp.me\/pcseDn-M8","_links":{"self":[{"href":"https:\/\/webdealta.info\/index.php?rest_route=\/wp\/v2\/posts\/2984","targetHints":{"allow":["GET"]}}],"collection":[{"href":"https:\/\/webdealta.info\/index.php?rest_route=\/wp\/v2\/posts"}],"about":[{"href":"https:\/\/webdealta.info\/index.php?rest_route=\/wp\/v2\/types\/post"}],"author":[{"embeddable":true,"href":"https:\/\/webdealta.info\/index.php?rest_route=\/wp\/v2\/users\/2"}],"replies":[{"embeddable":true,"href":"https:\/\/webdealta.info\/index.php?rest_route=%2Fwp%2Fv2%2Fcomments&post=2984"}],"version-history":[{"count":1,"href":"https:\/\/webdealta.info\/index.php?rest_route=\/wp\/v2\/posts\/2984\/revisions"}],"predecessor-version":[{"id":2986,"href":"https:\/\/webdealta.info\/index.php?rest_route=\/wp\/v2\/posts\/2984\/revisions\/2986"}],"wp:featuredmedia":[{"embeddable":true,"href":"https:\/\/webdealta.info\/index.php?rest_route=\/wp\/v2\/media\/2985"}],"wp:attachment":[{"href":"https:\/\/webdealta.info\/index.php?rest_route=%2Fwp%2Fv2%2Fmedia&parent=2984"}],"wp:term":[{"taxonomy":"category","embeddable":true,"href":"https:\/\/webdealta.info\/index.php?rest_route=%2Fwp%2Fv2%2Fcategories&post=2984"},{"taxonomy":"post_tag","embeddable":true,"href":"https:\/\/webdealta.info\/index.php?rest_route=%2Fwp%2Fv2%2Ftags&post=2984"}],"curies":[{"name":"wp","href":"https:\/\/api.w.org\/{rel}","templated":true}]}}