{"id":2957,"date":"2021-08-17T16:45:10","date_gmt":"2021-08-17T20:45:10","guid":{"rendered":"https:\/\/webdealta.info\/?p=2957"},"modified":"2021-08-17T16:45:14","modified_gmt":"2021-08-17T20:45:14","slug":"en-apasygua-se-reune-la-dirigencia-nacional-del-agro","status":"publish","type":"post","link":"https:\/\/webdealta.info\/?p=2957","title":{"rendered":"En Apasygua se re\u00fane la dirigencia nacional del agro"},"content":{"rendered":"\n<p>Amanda Saldivia.-<\/p>\n\n\n\n<p>En Apasygua se celebrar\u00e1, este mi\u00e9rcoles 18 de agosto, la primera junta directiva de Fedeagro en Gu\u00e1rico, presidida por Celso Fantinel, quien es adem\u00e1s socio fundador de esta asociaci\u00f3n de productores con sede en Altagracia de Orituco.<\/p>\n\n\n\n<p>De acuerdo a las declaraciones ofrecidas por Fantinel en la tarde de este martes, al evento asistir\u00e1n los directores de Fedeagro que manejan los rubros tales como ma\u00edz, arroz, sorgo, caf\u00e9 y hortalizas, a los fines de evaluar el ciclo de invierno y la participaci\u00f3n en el Consejo Superior de Econom\u00eda, como parte de la agenda a tratar en la junta directiva mensual de este gremio de productores del pa\u00eds.<\/p>\n\n\n\n<p>Igualmente destac\u00f3, que el encuentro en Apasygua reunir\u00e1 a toda la dirigencia nacional del agro, presidentes de asociaciones de productores y expresidentes de Fedeagro, &nbsp;entre ellos Pedro Solano, Aquiles Hopkins, Jos\u00e9 Manuel Gonz\u00e1lez y Pedro Rivas.<\/p>\n\n\n\n<p>@amandasaldivia<\/p>\n\n\n\n<p><\/p>\n","protected":false},"excerpt":{"rendered":"<p>Amanda Saldivia.- En Apasygua se celebrar\u00e1, este mi\u00e9rcoles 18 de agosto, la primera junta directiva de Fedeagro en Gu\u00e1rico, presidida por Celso Fantinel, quien es adem\u00e1s socio fundador de esta asociaci\u00f3n de productores con sede en Altagracia de Orituco. De acuerdo a las declaraciones ofrecidas por Fantinel en la tarde<\/p>\n","protected":false},"author":2,"featured_media":2958,"comment_status":"open","ping_status":"open","sticky":false,"template":"","format":"standard","meta":{"advanced_seo_description":"","jetpack_seo_html_title":"","jetpack_seo_noindex":false,"_jetpack_memberships_contains_paid_content":false,"footnotes":"","jetpack_publicize_message":"","jetpack_publicize_feature_enabled":true,"jetpack_social_post_already_shared":true,"jetpack_social_options":{"image_generator_settings":{"template":"highway","enabled":false},"version":2}},"categories":[19],"tags":[8,229,32],"class_list":["post-2957","post","type-post","status-publish","format-standard","has-post-thumbnail","hentry","category-agro","tag-altagraciadeorituco","tag-fedeagro","tag-webdealta",""],"jetpack_publicize_connections":[],"jetpack_featured_media_url":"https:\/\/webdealta.info\/wp-content\/uploads\/2021\/08\/photo4962973726190709216-1.jpg","jetpack_sharing_enabled":true,"jetpack_likes_enabled":true,"jetpack-related-posts":[],"jetpack_shortlink":"https:\/\/wp.me\/pcseDn-LH","_links":{"self":[{"href":"https:\/\/webdealta.info\/index.php?rest_route=\/wp\/v2\/posts\/2957","targetHints":{"allow":["GET"]}}],"collection":[{"href":"https:\/\/webdealta.info\/index.php?rest_route=\/wp\/v2\/posts"}],"about":[{"href":"https:\/\/webdealta.info\/index.php?rest_route=\/wp\/v2\/types\/post"}],"author":[{"embeddable":true,"href":"https:\/\/webdealta.info\/index.php?rest_route=\/wp\/v2\/users\/2"}],"replies":[{"embeddable":true,"href":"https:\/\/webdealta.info\/index.php?rest_route=%2Fwp%2Fv2%2Fcomments&post=2957"}],"version-history":[{"count":1,"href":"https:\/\/webdealta.info\/index.php?rest_route=\/wp\/v2\/posts\/2957\/revisions"}],"predecessor-version":[{"id":2959,"href":"https:\/\/webdealta.info\/index.php?rest_route=\/wp\/v2\/posts\/2957\/revisions\/2959"}],"wp:featuredmedia":[{"embeddable":true,"href":"https:\/\/webdealta.info\/index.php?rest_route=\/wp\/v2\/media\/2958"}],"wp:attachment":[{"href":"https:\/\/webdealta.info\/index.php?rest_route=%2Fwp%2Fv2%2Fmedia&parent=2957"}],"wp:term":[{"taxonomy":"category","embeddable":true,"href":"https:\/\/webdealta.info\/index.php?rest_route=%2Fwp%2Fv2%2Fcategories&post=2957"},{"taxonomy":"post_tag","embeddable":true,"href":"https:\/\/webdealta.info\/index.php?rest_route=%2Fwp%2Fv2%2Ftags&post=2957"}],"curies":[{"name":"wp","href":"https:\/\/api.w.org\/{rel}","templated":true}]}}