{"id":2901,"date":"2021-08-12T00:23:25","date_gmt":"2021-08-12T04:23:25","guid":{"rendered":"https:\/\/webdealta.info\/?p=2901"},"modified":"2021-08-12T00:23:26","modified_gmt":"2021-08-12T04:23:26","slug":"guarico-tiene-100-puntos-en-belleza-pero-en-vialidad-cero","status":"publish","type":"post","link":"https:\/\/webdealta.info\/?p=2901","title":{"rendered":"Gu\u00e1rico tiene 100 puntos en belleza, pero en vialidad cero"},"content":{"rendered":"\n<p>Amanda Saldivia.-<\/p>\n\n\n\n<p>Cuando se menciona el estado Gu\u00e1rico, se asocia a los bellos parajes de esta regi\u00f3n llanera, que al norte tiene los exuberantes bosques de Guatopo, los Morros de Macaira, los de San Juan y al sur las bellezas del parque nacional Aguaro \u2013 Guariquito, as\u00ed como tambi\u00e9n los interminables esteros de Camagu\u00e1n, pero lamentablemente \u00a0aflora el deterioro de la vialidad como una caracter\u00edstica marcada de esta entidad, la cual no ha sido superada.<\/p>\n\n\n\n<p>A ra\u00edz de un nuevo colapso en la troncal 11, rumbo al oriente del pa\u00eds, la cual est\u00e1 cerrada desde hace una semana, mientras corrigen la falla de borde a la altura del caser\u00edo Arenitas, municipio Monagas, algunos conductores han tomado como alternativa la v\u00eda Paso Real \u2013 Sabana Grande de Orituco \u2013 Tucupido de Aragort \u2013 Arenitas y lo que se han conseguido es una carretera sin mantenimiento desde hace a\u00f1os, llena de huecos, adem\u00e1s de puentes deteriorados.<\/p>\n\n\n\n<figure class=\"wp-block-image size-large\"><img loading=\"lazy\" decoding=\"async\" width=\"1024\" height=\"546\" src=\"https:\/\/webdealta.info\/wp-content\/uploads\/2021\/08\/puente-webdealta-1-1024x546.jpg\" alt=\"\" class=\"wp-image-2903\" srcset=\"https:\/\/webdealta.info\/wp-content\/uploads\/2021\/08\/puente-webdealta-1.jpg 1024w, https:\/\/webdealta.info\/wp-content\/uploads\/2021\/08\/puente-webdealta-1.jpg 300w, https:\/\/webdealta.info\/wp-content\/uploads\/2021\/08\/puente-webdealta-1.jpg 768w, https:\/\/webdealta.info\/wp-content\/uploads\/2021\/08\/puente-webdealta-1.jpg 1170w, https:\/\/webdealta.info\/wp-content\/uploads\/2021\/08\/puente-webdealta-1.jpg 1500w, https:\/\/webdealta.info\/wp-content\/uploads\/2021\/08\/puente-webdealta-1.jpg 1280w\" sizes=\"auto, (max-width: 640px) 100vw, 640px\" \/><figcaption>Puente cercano a Tucupido de Aragort<\/figcaption><\/figure>\n\n\n\n<p>Reportes de ciudadanos, quienes captaron las fotograf\u00edas que acompa\u00f1an esta nota de la Web de Altagracia, mencionan que toma m\u00e1s de una hora hacer el recorrido en veh\u00edculo r\u00fastico por esa v\u00eda alterna para seguir rumbo a San Jos\u00e9 Guaribe, carretera que igual presenta otras fallas de borde, desniveles y huecos.<\/p>\n\n\n\n<p>La situaci\u00f3n es tambi\u00e9n complicada, desde el punto de vista de la vialidad, si decide tomar la v\u00eda Paso Real de Macaira \u2013 San Antonio de Tamanaco, rumbo a Chaguaramas, porque igual hay alcantarillas colapsadas, huecos y pr\u00e1cticamente la carretera perdida por la falta de mantenimiento, que al parecer supera los 18 a\u00f1os, eso cuando al menos se realiz\u00f3 un bacheo que no fue lo esperado, seg\u00fan testimonio de lugare\u00f1os.<\/p>\n\n\n\n<figure class=\"wp-block-image size-large\"><img loading=\"lazy\" decoding=\"async\" width=\"1024\" height=\"546\" src=\"https:\/\/webdealta.info\/wp-content\/uploads\/2021\/08\/tamanaco-webdealta-1-1024x546.jpg\" alt=\"\" class=\"wp-image-2902\" srcset=\"https:\/\/webdealta.info\/wp-content\/uploads\/2021\/08\/tamanaco-webdealta-1.jpg 1024w, https:\/\/webdealta.info\/wp-content\/uploads\/2021\/08\/tamanaco-webdealta-1.jpg 300w, https:\/\/webdealta.info\/wp-content\/uploads\/2021\/08\/tamanaco-webdealta-1.jpg 768w, https:\/\/webdealta.info\/wp-content\/uploads\/2021\/08\/tamanaco-webdealta-1.jpg 1170w, https:\/\/webdealta.info\/wp-content\/uploads\/2021\/08\/tamanaco-webdealta-1.jpg 1500w, https:\/\/webdealta.info\/wp-content\/uploads\/2021\/08\/tamanaco-webdealta-1.jpg 1280w\" sizes=\"auto, (max-width: 640px) 100vw, 640px\" \/><figcaption>Colapso de alcantarilla v\u00eda Tamanaco<\/figcaption><\/figure>\n\n\n\n<p>Las fotograf\u00edas que acompa\u00f1an esta nota, solo muestran parte del deterioro vial del oriente del municipio Monagas. En pr\u00f3ximas entregas, el resto de las evidencias de c\u00f3mo est\u00e1n las carreteras en esta regi\u00f3n del estado Gu\u00e1rico.<\/p>\n\n\n\n<figure class=\"wp-block-image size-large\"><img loading=\"lazy\" decoding=\"async\" width=\"1024\" height=\"546\" src=\"https:\/\/webdealta.info\/wp-content\/uploads\/2021\/08\/sabana-grande-webdealta-1-1024x546.jpg\" alt=\"\" class=\"wp-image-2905\" srcset=\"https:\/\/webdealta.info\/wp-content\/uploads\/2021\/08\/sabana-grande-webdealta-1.jpg 1024w, https:\/\/webdealta.info\/wp-content\/uploads\/2021\/08\/sabana-grande-webdealta-1.jpg 300w, https:\/\/webdealta.info\/wp-content\/uploads\/2021\/08\/sabana-grande-webdealta-1.jpg 768w, https:\/\/webdealta.info\/wp-content\/uploads\/2021\/08\/sabana-grande-webdealta-1.jpg 1170w, https:\/\/webdealta.info\/wp-content\/uploads\/2021\/08\/sabana-grande-webdealta-1.jpg 1500w, https:\/\/webdealta.info\/wp-content\/uploads\/2021\/08\/sabana-grande-webdealta-1.jpg 1280w\" sizes=\"auto, (max-width: 640px) 100vw, 640px\" \/><figcaption>Algunos tramos de la v\u00eda hacia Sabana Grande Orituco <\/figcaption><\/figure>\n\n\n\n<p>@amandasaldivia<\/p>\n\n\n\n<p><\/p>\n","protected":false},"excerpt":{"rendered":"<p>Amanda Saldivia.- Cuando se menciona el estado Gu\u00e1rico, se asocia a los bellos parajes de esta regi\u00f3n llanera, que al norte tiene los exuberantes bosques de Guatopo, los Morros de Macaira, los de San Juan y al sur las bellezas del parque nacional Aguaro \u2013 Guariquito, as\u00ed como tambi\u00e9n los<\/p>\n","protected":false},"author":2,"featured_media":2904,"comment_status":"open","ping_status":"open","sticky":false,"template":"","format":"standard","meta":{"advanced_seo_description":"","jetpack_seo_html_title":"","jetpack_seo_noindex":false,"_jetpack_memberships_contains_paid_content":false,"footnotes":"","jetpack_publicize_message":"","jetpack_publicize_feature_enabled":true,"jetpack_social_post_already_shared":true,"jetpack_social_options":{"image_generator_settings":{"template":"highway","enabled":false},"version":2}},"categories":[16],"tags":[8,7,45],"class_list":["post-2901","post","type-post","status-publish","format-standard","has-post-thumbnail","hentry","category-vialidad","tag-altagraciadeorituco","tag-guarico","tag-vialidad",""],"jetpack_publicize_connections":[],"jetpack_featured_media_url":"https:\/\/webdealta.info\/wp-content\/uploads\/2021\/08\/puente-2-webdealta-1.jpg","jetpack_sharing_enabled":true,"jetpack_likes_enabled":true,"jetpack-related-posts":[],"jetpack_shortlink":"https:\/\/wp.me\/pcseDn-KN","_links":{"self":[{"href":"https:\/\/webdealta.info\/index.php?rest_route=\/wp\/v2\/posts\/2901","targetHints":{"allow":["GET"]}}],"collection":[{"href":"https:\/\/webdealta.info\/index.php?rest_route=\/wp\/v2\/posts"}],"about":[{"href":"https:\/\/webdealta.info\/index.php?rest_route=\/wp\/v2\/types\/post"}],"author":[{"embeddable":true,"href":"https:\/\/webdealta.info\/index.php?rest_route=\/wp\/v2\/users\/2"}],"replies":[{"embeddable":true,"href":"https:\/\/webdealta.info\/index.php?rest_route=%2Fwp%2Fv2%2Fcomments&post=2901"}],"version-history":[{"count":1,"href":"https:\/\/webdealta.info\/index.php?rest_route=\/wp\/v2\/posts\/2901\/revisions"}],"predecessor-version":[{"id":2906,"href":"https:\/\/webdealta.info\/index.php?rest_route=\/wp\/v2\/posts\/2901\/revisions\/2906"}],"wp:featuredmedia":[{"embeddable":true,"href":"https:\/\/webdealta.info\/index.php?rest_route=\/wp\/v2\/media\/2904"}],"wp:attachment":[{"href":"https:\/\/webdealta.info\/index.php?rest_route=%2Fwp%2Fv2%2Fmedia&parent=2901"}],"wp:term":[{"taxonomy":"category","embeddable":true,"href":"https:\/\/webdealta.info\/index.php?rest_route=%2Fwp%2Fv2%2Fcategories&post=2901"},{"taxonomy":"post_tag","embeddable":true,"href":"https:\/\/webdealta.info\/index.php?rest_route=%2Fwp%2Fv2%2Ftags&post=2901"}],"curies":[{"name":"wp","href":"https:\/\/api.w.org\/{rel}","templated":true}]}}