{"id":2866,"date":"2021-08-07T00:09:44","date_gmt":"2021-08-07T04:09:44","guid":{"rendered":"https:\/\/webdealta.info\/?p=2866"},"modified":"2021-08-07T00:09:49","modified_gmt":"2021-08-07T04:09:49","slug":"familias-afectadas-por-desbordamiento-de-quebradas-en-altagracia","status":"publish","type":"post","link":"https:\/\/webdealta.info\/?p=2866","title":{"rendered":"Familias afectadas por desbordamiento de quebradas en Altagracia"},"content":{"rendered":"\n<p>Amanda Saldivia.-&nbsp;&nbsp;&nbsp;&nbsp;&nbsp;&nbsp;&nbsp;&nbsp;&nbsp;&nbsp;&nbsp;&nbsp;&nbsp;&nbsp;&nbsp;&nbsp;&nbsp;&nbsp;&nbsp;&nbsp;&nbsp;&nbsp;&nbsp;&nbsp;&nbsp;&nbsp;&nbsp;&nbsp;&nbsp;&nbsp;&nbsp;&nbsp;&nbsp;&nbsp;&nbsp;&nbsp;&nbsp;&nbsp;&nbsp;&nbsp;&nbsp;&nbsp;&nbsp;&nbsp;&nbsp;&nbsp;&nbsp;&nbsp;&nbsp;&nbsp;&nbsp;&nbsp;&nbsp;&nbsp;&nbsp;&nbsp;&nbsp;&nbsp;&nbsp;&nbsp;&nbsp;&nbsp;&nbsp;&nbsp;&nbsp;&nbsp;&nbsp;&nbsp;&nbsp;&nbsp;&nbsp;&nbsp;&nbsp;&nbsp;<\/p>\n\n\n\n<p>Las fuertes precipitaciones que cayeron en la tarde de este viernes seis de agosto en Altagracia de Orituco, Gu\u00e1rico, elevaron los niveles de varias quebradas y dejaron viviendas anegadas, as\u00ed como tambi\u00e9n desbordamiento de redes de aguas servidas.<\/p>\n\n\n\n<p>Los reportes comenzaron a llegar a la Web de Altagracia, a partir de las 4:30 de la tarde, cuando con evidencias fotogr\u00e1ficas y videos vecinos de Paural I, Paural II, El Diamante, Guaiquer\u00edes, Camoruco, Araguaney y Valles de Paural, daban cuenta de las afectaciones que dejaron las lluvias.<\/p>\n\n\n\n<figure class=\"wp-block-image size-large\"><img loading=\"lazy\" decoding=\"async\" width=\"1024\" height=\"546\" src=\"https:\/\/webdealta.info\/wp-content\/uploads\/2021\/08\/wbedealta-5-1-1024x546.jpg\" alt=\"\" class=\"wp-image-2870\" srcset=\"https:\/\/webdealta.info\/wp-content\/uploads\/2021\/08\/wbedealta-5-1.jpg 1024w, https:\/\/webdealta.info\/wp-content\/uploads\/2021\/08\/wbedealta-5-1.jpg 300w, https:\/\/webdealta.info\/wp-content\/uploads\/2021\/08\/wbedealta-5-1.jpg 768w, https:\/\/webdealta.info\/wp-content\/uploads\/2021\/08\/wbedealta-5-1.jpg 1170w, https:\/\/webdealta.info\/wp-content\/uploads\/2021\/08\/wbedealta-5-1.jpg 1500w, https:\/\/webdealta.info\/wp-content\/uploads\/2021\/08\/wbedealta-5-1.jpg 1280w\" sizes=\"auto, (max-width: 640px) 100vw, 640px\" \/><figcaption>Familia que result\u00f3 afectada en el sector Araguaney<\/figcaption><\/figure>\n\n\n\n<p>Hasta el momento no hay un balance preciso por parte de las autoridades municipales, pero s\u00ed la acci\u00f3n de vecinos en b\u00fasqueda de soluciones, como fue el caso del sector Araguaney de la perimetral, donde con una maquinaria pesada propiedad de un particular procedieron a retirar del cauce de la quebrada de Paural, maleza, palos y otros desechos que imped\u00edan la circulaci\u00f3n del agua de lluvia.<\/p>\n\n\n\n<p>En el caso de Valles de Paural, enviaron fotograf\u00edas en las cuales muestran el deterioro que sufri\u00f3 una humilde vivienda de bahareque, en la cual viven adultos mayores; mientras en Camoruco el colapso fue de las redes de aguas servidas, porque el caudal que dej\u00f3 la lluvia fue a parar a ese sistema y hubo desbordamiento en la vereda 10 de esa urbanizaci\u00f3n.<\/p>\n\n\n\n<p>Otra zona con afectaciones por las lluvias fue El Diamante, donde creci\u00f3 la quebrada al final de la calle 19 y aneg\u00f3 los patios; adem\u00e1s vecinos de la 12 reportaron que el agua ingres\u00f3 a varias casas, porque fue desviado el cauce de un canal de drenaje, al parecer por trabajos efectuados por un vecino.<\/p>\n\n\n\n<p>En esa misma urbanizaci\u00f3n, pero en la calle principal, el nivel del agua subi\u00f3 y los residentes de esa zona trataron de quitar el material que obstaculizaba la libre circulaci\u00f3n del agua.<\/p>\n\n\n\n<p>La mayor\u00eda de los vecinos coinciden que las afectaciones que dejaron las lluvias son por\u00a0falta de mantenimiento a las quebradas y canales de drenaje.<\/p>\n\n\n\n<p>@amandasaldivia<\/p>\n\n\n\n<p>Fotos: cortes\u00eda<\/p>\n","protected":false},"excerpt":{"rendered":"<p>Amanda Saldivia.-&nbsp;&nbsp;&nbsp;&nbsp;&nbsp;&nbsp;&nbsp;&nbsp;&nbsp;&nbsp;&nbsp;&nbsp;&nbsp;&nbsp;&nbsp;&nbsp;&nbsp;&nbsp;&nbsp;&nbsp;&nbsp;&nbsp;&nbsp;&nbsp;&nbsp;&nbsp;&nbsp;&nbsp;&nbsp;&nbsp;&nbsp;&nbsp;&nbsp;&nbsp;&nbsp;&nbsp;&nbsp;&nbsp;&nbsp;&nbsp;&nbsp;&nbsp;&nbsp;&nbsp;&nbsp;&nbsp;&nbsp;&nbsp;&nbsp;&nbsp;&nbsp;&nbsp;&nbsp;&nbsp;&nbsp;&nbsp;&nbsp;&nbsp;&nbsp;&nbsp;&nbsp;&nbsp;&nbsp;&nbsp;&nbsp;&nbsp;&nbsp;&nbsp;&nbsp;&nbsp;&nbsp;&nbsp;&nbsp;&nbsp; Las fuertes precipitaciones que cayeron en la tarde de este viernes seis de agosto en Altagracia de Orituco, Gu\u00e1rico, elevaron los niveles de varias quebradas y dejaron viviendas anegadas, as\u00ed como tambi\u00e9n desbordamiento de redes de aguas servidas. Los reportes comenzaron a llegar a la Web de Altagracia,<\/p>\n","protected":false},"author":2,"featured_media":2869,"comment_status":"open","ping_status":"open","sticky":false,"template":"","format":"standard","meta":{"advanced_seo_description":"","jetpack_seo_html_title":"","jetpack_seo_noindex":false,"_jetpack_memberships_contains_paid_content":false,"footnotes":"","jetpack_publicize_message":"","jetpack_publicize_feature_enabled":true,"jetpack_social_post_already_shared":true,"jetpack_social_options":{"image_generator_settings":{"template":"highway","enabled":false},"version":2}},"categories":[54],"tags":[8,32],"class_list":["post-2866","post","type-post","status-publish","format-standard","has-post-thumbnail","hentry","category-lluvias","tag-altagraciadeorituco","tag-webdealta",""],"jetpack_publicize_connections":[],"jetpack_featured_media_url":"https:\/\/webdealta.info\/wp-content\/uploads\/2021\/08\/quebrada-webdealta-1.jpg","jetpack_sharing_enabled":true,"jetpack_likes_enabled":true,"jetpack-related-posts":[],"jetpack_shortlink":"https:\/\/wp.me\/pcseDn-Ke","_links":{"self":[{"href":"https:\/\/webdealta.info\/index.php?rest_route=\/wp\/v2\/posts\/2866","targetHints":{"allow":["GET"]}}],"collection":[{"href":"https:\/\/webdealta.info\/index.php?rest_route=\/wp\/v2\/posts"}],"about":[{"href":"https:\/\/webdealta.info\/index.php?rest_route=\/wp\/v2\/types\/post"}],"author":[{"embeddable":true,"href":"https:\/\/webdealta.info\/index.php?rest_route=\/wp\/v2\/users\/2"}],"replies":[{"embeddable":true,"href":"https:\/\/webdealta.info\/index.php?rest_route=%2Fwp%2Fv2%2Fcomments&post=2866"}],"version-history":[{"count":1,"href":"https:\/\/webdealta.info\/index.php?rest_route=\/wp\/v2\/posts\/2866\/revisions"}],"predecessor-version":[{"id":2871,"href":"https:\/\/webdealta.info\/index.php?rest_route=\/wp\/v2\/posts\/2866\/revisions\/2871"}],"wp:featuredmedia":[{"embeddable":true,"href":"https:\/\/webdealta.info\/index.php?rest_route=\/wp\/v2\/media\/2869"}],"wp:attachment":[{"href":"https:\/\/webdealta.info\/index.php?rest_route=%2Fwp%2Fv2%2Fmedia&parent=2866"}],"wp:term":[{"taxonomy":"category","embeddable":true,"href":"https:\/\/webdealta.info\/index.php?rest_route=%2Fwp%2Fv2%2Fcategories&post=2866"},{"taxonomy":"post_tag","embeddable":true,"href":"https:\/\/webdealta.info\/index.php?rest_route=%2Fwp%2Fv2%2Ftags&post=2866"}],"curies":[{"name":"wp","href":"https:\/\/api.w.org\/{rel}","templated":true}]}}