{"id":2859,"date":"2021-08-05T23:03:21","date_gmt":"2021-08-06T03:03:21","guid":{"rendered":"https:\/\/webdealta.info\/?p=2859"},"modified":"2021-08-05T23:11:50","modified_gmt":"2021-08-06T03:11:50","slug":"gremios-de-altagracia-presentes-en-encuentro-empresarial-y-productivo","status":"publish","type":"post","link":"https:\/\/webdealta.info\/?p=2859","title":{"rendered":"Gremios de Altagracia presentes en Encuentro Empresarial y Productivo"},"content":{"rendered":"\n<p>Amanda Saldivia.-<\/p>\n\n\n\n<p>Directivos de la C\u00e1mara de Comercio y de gremios de productores agropecuarios de Altagracia de Orituco, participaron en el Encuentro Empresarial y Productivo Gu\u00e1rico Perspectiva de Futuro, evento auspiciado por la C\u00e1mara de Comercio de Roscio, al cual asisti\u00f3 el Comit\u00e9 Ejecutivo de Fedec\u00e1maras, presidido por Carlos Fern\u00e1ndez, adem\u00e1s de &nbsp;Celso Fantinel, presidente de Fedeagro y Luigi Pisella, presidente de Conindustria, entre otros.<\/p>\n\n\n\n<p>La finalidad fue presentar aspectos del plan Venezuela 2035, como parte de la estrategia de acercarse a los gremios productivos del pa\u00eds, porque de acuerdo a las declaraciones de Carlos Fern\u00e1ndez, presidente de Fedec\u00e1maras, es necesario auspiciar que se den los cambios, raz\u00f3n por la cual est\u00e1n recorriendo el pa\u00eds \u201cno solo para conocer sus realidades, sino tambi\u00e9n para verificar sus potencialidades, para que nos permita plantear soluciones a los problemas del pa\u00eds, porque creemos que mucho de las soluciones pueden venir de la mano de la iniciativa privada\u201d.<\/p>\n\n\n\n<p>Con ese mensaje inici\u00f3 la rueda de prensa, en el Club Italo Venezolano de San Juan de los Morros este jueves cinco de agosto, donde adem\u00e1s recalc\u00f3 que la idea es \u201cescuchar, palpar la realidad, comprometer a nuestros agremiados en la b\u00fasqueda de soluciones y procurar que la actividad econ\u00f3mica sirva como punto de encuentro entre todos los venezolanos\u201d.<\/p>\n\n\n\n<figure class=\"wp-block-image size-large\"><img loading=\"lazy\" decoding=\"async\" width=\"1024\" height=\"546\" src=\"https:\/\/webdealta.info\/wp-content\/uploads\/2021\/08\/photo4927149524233857408-1024x546.jpg\" alt=\"\" class=\"wp-image-2862\" srcset=\"https:\/\/webdealta.info\/wp-content\/uploads\/2021\/08\/photo4927149524233857408.jpg 1024w, https:\/\/webdealta.info\/wp-content\/uploads\/2021\/08\/photo4927149524233857408.jpg 300w, https:\/\/webdealta.info\/wp-content\/uploads\/2021\/08\/photo4927149524233857408.jpg 768w, https:\/\/webdealta.info\/wp-content\/uploads\/2021\/08\/photo4927149524233857408.jpg 1170w, https:\/\/webdealta.info\/wp-content\/uploads\/2021\/08\/photo4927149524233857408.jpg 1500w, https:\/\/webdealta.info\/wp-content\/uploads\/2021\/08\/photo4927149524233857408.jpg 1280w\" sizes=\"auto, (max-width: 640px) 100vw, 640px\" \/><figcaption>Carlos Fern\u00e1ndez, presidente de Fedec\u00e1maras en San Juan de los Morros <\/figcaption><\/figure>\n\n\n\n<p>Carlos Fern\u00e1ndez hizo hincapi\u00e9, en que a pesar de las profundas diferencias que existen sobre la visi\u00f3n del pa\u00eds y como superarlas, es necesario buscar alternativas \u201cporque la sociedad venezolana urge de soluciones y no podemos seguir solamente en la diatriba, en la confrontaci\u00f3n est\u00e9ril y en el populismo sin contenido y creemos que de la mano, aunque pensemos distintos y aun sobre las diferencias, se pueden construir soluciones y quiz\u00e1s de m\u00e1s largo aliento, porque va a requerir de conversar, negociar, ceder&#8230;\u201d.<\/p>\n\n\n\n<p>Una vez finalizado el encuentro, el equipo de la Web de Altagracia, puls\u00f3 la opini\u00f3n de Pablo Rojas, presidente de la C\u00e1mara de Comercio del municipio Monagas, quien se\u00f1al\u00f3 que \u201ctodos apostamos por Venezuela, por una reapertura econ\u00f3mica\u201d y calific\u00f3 que interesante poder compartir con empresarios y comerciantes la visi\u00f3n de una Venezuela de futuro, donde adem\u00e1s se prepare el terreno para adaptarse a los cambios que hay a nivel global, en el cual est\u00e1n venezolanos con ideas novedosas para sacar al pa\u00eds adelante.<\/p>\n\n\n\n<p>Al preguntarle sobre el di\u00e1logo, el presidente de la C\u00e1mara de Comercio, dijo que \u201ces necesario, porque la empresa privada debe ser escuchada por el gobierno nacional, para que se articulen m\u00e9todos para el bien de la comunidad\u201d.<\/p>\n\n\n\n<p>Igualmente declar\u00f3 para este medio digital Juan Hern\u00e1ndez, presidente de Apasygua, quien destac\u00f3 que la expectativa es que se reactive la econom\u00eda con la participaci\u00f3n de todos, porque \u201cnecesitamos que nuestra producci\u00f3n sea procesada y vendida, para poder activar el aparato econ\u00f3mico necesitamos trabajar y eso es precisamente lo que estamos buscando ac\u00e1, que la industrial se fortalezca, que el comercio se fortalezca y que nosotros los productores tengamos much\u00edsimos insumos para poder trabajar d\u00eda a d\u00eda\u201d.<\/p>\n\n\n\n<p>Al referirse al Plan Venezuela 2035 se enfoc\u00f3 en el tema ambiental, porque lo considera \u201cprimordial, estamos trabajando con agricultura regenerativa, a trav\u00e9s de siembra directa, regeneraci\u00f3n de potreros, podemos trabajar con energ\u00eda limpia, podemos aportar al pa\u00eds mucha carne, mucha leche, pero hace falta mucho apoyo, mucho conocimiento y cambios tecnol\u00f3gicos\u201d<\/p>\n\n\n\n<p>Juan Hern\u00e1ndez agreg\u00f3 que est\u00e1 optimista, \u201ctodos queremos un cambio econ\u00f3mico, la idea es que nosotros nos sintamos bien y que como sociedad contribuyamos de una manera u otra al desarrollo del pa\u00eds\u201d.<\/p>\n\n\n\n<p>La representaci\u00f3n de Altagracia de Orituco en el encuentro empresarial estuvo integrada por Pablo Rojas, presidente de la C\u00e1mara de Comercio y los directivos R\u00f3mulo Laya, Jos\u00e9 Alejandro Zeiden, Jacher Jabana y Sixto Coronil, mientras que por los productores Juan Hern\u00e1ndez, presidente de Apasygua, Cesar Augusto Ram\u00edrez, Agroram y Jes\u00fas Daniel Ram\u00edrez, Agrovida y Vida Market.<\/p>\n\n\n\n<p>@amandasaldivia <\/p>\n\n\n\n<p><\/p>\n","protected":false},"excerpt":{"rendered":"<p>Amanda Saldivia.- Directivos de la C\u00e1mara de Comercio y de gremios de productores agropecuarios de Altagracia de Orituco, participaron en el Encuentro Empresarial y Productivo Gu\u00e1rico Perspectiva de Futuro, evento auspiciado por la C\u00e1mara de Comercio de Roscio, al cual asisti\u00f3 el Comit\u00e9 Ejecutivo de Fedec\u00e1maras, presidido por Carlos Fern\u00e1ndez,<\/p>\n","protected":false},"author":2,"featured_media":2860,"comment_status":"open","ping_status":"open","sticky":false,"template":"","format":"standard","meta":{"advanced_seo_description":"","jetpack_seo_html_title":"","jetpack_seo_noindex":false,"_jetpack_memberships_contains_paid_content":false,"footnotes":"","jetpack_publicize_message":"","jetpack_publicize_feature_enabled":true,"jetpack_social_post_already_shared":true,"jetpack_social_options":{"image_generator_settings":{"template":"highway","enabled":false},"version":2}},"categories":[271],"tags":[8,229,272,32],"class_list":["post-2859","post","type-post","status-publish","format-standard","has-post-thumbnail","hentry","category-productividad","tag-altagraciadeorituco","tag-fedeagro","tag-fedecamaras","tag-webdealta",""],"jetpack_publicize_connections":[],"jetpack_featured_media_url":"https:\/\/webdealta.info\/wp-content\/uploads\/2021\/08\/san-juan-webdealta-1.jpg","jetpack_sharing_enabled":true,"jetpack_likes_enabled":true,"jetpack-related-posts":[],"jetpack_shortlink":"https:\/\/wp.me\/pcseDn-K7","_links":{"self":[{"href":"https:\/\/webdealta.info\/index.php?rest_route=\/wp\/v2\/posts\/2859","targetHints":{"allow":["GET"]}}],"collection":[{"href":"https:\/\/webdealta.info\/index.php?rest_route=\/wp\/v2\/posts"}],"about":[{"href":"https:\/\/webdealta.info\/index.php?rest_route=\/wp\/v2\/types\/post"}],"author":[{"embeddable":true,"href":"https:\/\/webdealta.info\/index.php?rest_route=\/wp\/v2\/users\/2"}],"replies":[{"embeddable":true,"href":"https:\/\/webdealta.info\/index.php?rest_route=%2Fwp%2Fv2%2Fcomments&post=2859"}],"version-history":[{"count":2,"href":"https:\/\/webdealta.info\/index.php?rest_route=\/wp\/v2\/posts\/2859\/revisions"}],"predecessor-version":[{"id":2863,"href":"https:\/\/webdealta.info\/index.php?rest_route=\/wp\/v2\/posts\/2859\/revisions\/2863"}],"wp:featuredmedia":[{"embeddable":true,"href":"https:\/\/webdealta.info\/index.php?rest_route=\/wp\/v2\/media\/2860"}],"wp:attachment":[{"href":"https:\/\/webdealta.info\/index.php?rest_route=%2Fwp%2Fv2%2Fmedia&parent=2859"}],"wp:term":[{"taxonomy":"category","embeddable":true,"href":"https:\/\/webdealta.info\/index.php?rest_route=%2Fwp%2Fv2%2Fcategories&post=2859"},{"taxonomy":"post_tag","embeddable":true,"href":"https:\/\/webdealta.info\/index.php?rest_route=%2Fwp%2Fv2%2Ftags&post=2859"}],"curies":[{"name":"wp","href":"https:\/\/api.w.org\/{rel}","templated":true}]}}