{"id":2843,"date":"2021-08-03T12:55:28","date_gmt":"2021-08-03T16:55:28","guid":{"rendered":"https:\/\/webdealta.info\/?p=2843"},"modified":"2021-08-03T12:55:30","modified_gmt":"2021-08-03T16:55:30","slug":"productores-exigen-mantenimiento-del-vertedero-municipal","status":"publish","type":"post","link":"https:\/\/webdealta.info\/?p=2843","title":{"rendered":"Productores exigen mantenimiento del vertedero municipal"},"content":{"rendered":"\n<p>Amanda Saldivia.-<\/p>\n\n\n\n<p>Totalmente tapada de desechos se encuentra la entrada al vertedero de basura de Altagracia de Orituco, Gu\u00e1rico, porque desde hace a\u00f1os no est\u00e1 la maquinaria que despejaba la v\u00eda, eso de acuerdo al testimonio de Dencil Loreto, quien report\u00f3 que los productores agropecuarios asentados en la zona padecen las consecuencias del colapso de esa \u00e1rea que es responsabilidad del gobierno municipal.<\/p>\n\n\n\n<p>Argument\u00f3 que ni en moto pueden ir a las unidades de producci\u00f3n, porque la v\u00eda interna est\u00e1 colmada de los desechos s\u00f3lidos que lleva el servicio de aseo urbano, as\u00ed como tambi\u00e9n desperdicios que presume sean de carnicer\u00edas por la cantidad de huesos, los cuales dificultan la circulaci\u00f3n de los veh\u00edculos.<\/p>\n\n\n\n<p>Dencil Loreto, en el contacto con la Web de Altagracia, record\u00f3 que los productores siempre estuvieron en contra de trasladar hasta esa zona el vertedero municipal, porque consideraron que ser\u00eda perjudicial y lamentablemente el tiempo les dio la raz\u00f3n, ya que no se concret\u00f3 la promesa de transformarlo en un relleno sanitario, con todas las disposiciones de ley, para que causara el menor impacto ambiental posible.<\/p>\n\n\n\n<p>La fotograf\u00eda que acompa\u00f1a esta nota de la Web de Altagracia fue tomada este lunes dos de agosto.<\/p>\n\n\n\n<p>@amandasaldivia<\/p>\n\n\n\n<p><\/p>\n","protected":false},"excerpt":{"rendered":"<p>Amanda Saldivia.- Totalmente tapada de desechos se encuentra la entrada al vertedero de basura de Altagracia de Orituco, Gu\u00e1rico, porque desde hace a\u00f1os no est\u00e1 la maquinaria que despejaba la v\u00eda, eso de acuerdo al testimonio de Dencil Loreto, quien report\u00f3 que los productores agropecuarios asentados en la zona padecen<\/p>\n","protected":false},"author":2,"featured_media":2845,"comment_status":"open","ping_status":"open","sticky":false,"template":"","format":"standard","meta":{"advanced_seo_description":"","jetpack_seo_html_title":"","jetpack_seo_noindex":false,"_jetpack_memberships_contains_paid_content":false,"footnotes":"","jetpack_publicize_message":"","jetpack_publicize_feature_enabled":true,"jetpack_social_post_already_shared":true,"jetpack_social_options":{"image_generator_settings":{"template":"highway","enabled":false},"version":2}},"categories":[270],"tags":[],"class_list":["post-2843","post","type-post","status-publish","format-standard","has-post-thumbnail","hentry","category-saneamiento-ambiental",""],"jetpack_publicize_connections":[],"jetpack_featured_media_url":"https:\/\/webdealta.info\/wp-content\/uploads\/2021\/08\/entrada-bote-webdealta-1.jpg","jetpack_sharing_enabled":true,"jetpack_likes_enabled":true,"jetpack-related-posts":[],"jetpack_shortlink":"https:\/\/wp.me\/pcseDn-JR","_links":{"self":[{"href":"https:\/\/webdealta.info\/index.php?rest_route=\/wp\/v2\/posts\/2843","targetHints":{"allow":["GET"]}}],"collection":[{"href":"https:\/\/webdealta.info\/index.php?rest_route=\/wp\/v2\/posts"}],"about":[{"href":"https:\/\/webdealta.info\/index.php?rest_route=\/wp\/v2\/types\/post"}],"author":[{"embeddable":true,"href":"https:\/\/webdealta.info\/index.php?rest_route=\/wp\/v2\/users\/2"}],"replies":[{"embeddable":true,"href":"https:\/\/webdealta.info\/index.php?rest_route=%2Fwp%2Fv2%2Fcomments&post=2843"}],"version-history":[{"count":1,"href":"https:\/\/webdealta.info\/index.php?rest_route=\/wp\/v2\/posts\/2843\/revisions"}],"predecessor-version":[{"id":2846,"href":"https:\/\/webdealta.info\/index.php?rest_route=\/wp\/v2\/posts\/2843\/revisions\/2846"}],"wp:featuredmedia":[{"embeddable":true,"href":"https:\/\/webdealta.info\/index.php?rest_route=\/wp\/v2\/media\/2845"}],"wp:attachment":[{"href":"https:\/\/webdealta.info\/index.php?rest_route=%2Fwp%2Fv2%2Fmedia&parent=2843"}],"wp:term":[{"taxonomy":"category","embeddable":true,"href":"https:\/\/webdealta.info\/index.php?rest_route=%2Fwp%2Fv2%2Fcategories&post=2843"},{"taxonomy":"post_tag","embeddable":true,"href":"https:\/\/webdealta.info\/index.php?rest_route=%2Fwp%2Fv2%2Ftags&post=2843"}],"curies":[{"name":"wp","href":"https:\/\/api.w.org\/{rel}","templated":true}]}}