{"id":2823,"date":"2021-08-01T13:13:44","date_gmt":"2021-08-01T17:13:44","guid":{"rendered":"https:\/\/webdealta.info\/?p=2823"},"modified":"2021-08-01T13:13:58","modified_gmt":"2021-08-01T17:13:58","slug":"caminata-por-la-salud-para-resaltar-el-30-aniversario-del-centro-medico-orituco","status":"publish","type":"post","link":"https:\/\/webdealta.info\/?p=2823","title":{"rendered":"Caminata por la Salud para resaltar el 30 Aniversario del Centro M\u00e9dico Orituco"},"content":{"rendered":"\n<p>Amanda Saldivia.-<\/p>\n\n\n\n<p>Con globos azules al aire y cohetes inici\u00f3 este domingo primero de agosto la Caminata por la Salud que organiz\u00f3 el Centro M\u00e9dico Orituco, como parte de la programaci\u00f3n para celebrar el 30 aniversario de esta instituci\u00f3n de Altagracia de Orituco, Gu\u00e1rico.<\/p>\n\n\n\n<p>Justo antes de la partida la Dra. Milvia Garc\u00eda, presidenta del Centro M\u00e9dico Orituco, record\u00f3 que su esposo el Dr. C\u00e9sar Ram\u00edrez quer\u00eda que la celebraci\u00f3n de los 30 a\u00f1os se realizara por todo lo alto y lamentablemente parti\u00f3 f\u00edsicamente hace dos a\u00f1os, adem\u00e1s lleg\u00f3 la pandemia que tiene limitaciones vinculadas a las medidas de prevenci\u00f3n del covid-19.<\/p>\n\n\n\n<p>Agradeci\u00f3 la receptividad de los caminantes, especialmente a Gracitanos Runners, bajo la direcci\u00f3n del entrenador Luis Guzm\u00e1n, as\u00ed como tambi\u00e9n de todo un equipo de colaboradores, quienes le dieron vistosidad a la caminata de 4.7 kil\u00f3metros que recorri\u00f3 parte del casco central de Altagracia, bajo la lluvia ma\u00f1anera de este domingo.<\/p>\n\n\n\n<p>Durante la jornada resalt\u00f3 la presencia de la Dra. Mar\u00eda Daniela y los ingenieros Jes\u00fas Daniel y C\u00e9sar Augusto, hijos del Dr. C\u00e9sar Ram\u00edrez y la Dra. Milvia Garc\u00eda, acompa\u00f1ados por los nietos y las nueras, lo que denota que las instituciones se hacen m\u00e1s s\u00f3lidas en la medida en que prevalece la uni\u00f3n familiar, sobre todo en el caso de este proyecto que surgi\u00f3 con el inter\u00e9s genuino de darle a Altagracia una instituci\u00f3n de salud al servicio de todos.<\/p>\n\n\n\n<p>Igualmente estuvieron presentes, socios, hijos de los socios fundadores, m\u00e9dicos, enfermeras, personal administrativo y de mantenimiento, quienes forman parte de la familia del Centro M\u00e9dico Orituco.<\/p>\n\n\n\n<p>Es importante resaltar, que este s\u00e1bado 31 de julio se cumplieron dos a\u00f1os de la partida f\u00edsica del Dr. C\u00e9sar Ram\u00edrez y hubo una misa en su memoria oficiada por el padre Pedro Ruiz, gu\u00eda espiritual de la iglesia de San Rafael de Orituco.<\/p>\n\n\n\n<p>Este domingo continu\u00f3 la programaci\u00f3n con la Caminata por la Salud y se extender\u00e1 hasta el mi\u00e9rcoles cuatro de agosto, de acuerdo al siguiente programa:<\/p>\n\n\n\n<p>\u2022 Lunes dos de agosto, a las 6:00 pm, programa especial de Tiempo de Cambios espacio conducido por la redactora de esta nota, en la emisora Guara\u00f1a 97.5 FM. Ser\u00e1 desde la sede del Centro M\u00e9dico Orituco, para recordar c\u00f3mo comenz\u00f3 la historia de esta instituci\u00f3n de salud.<\/p>\n\n\n\n<p>\u2022 Martes tres de agosto, la fecha aniversario, habr\u00e1 Santa Misa en la sede de la instituci\u00f3n a las 4:00 pm. Adem\u00e1s entrega de canastilla al primer ni\u00f1o nacido ese d\u00eda en el hospital Dr. Jos\u00e9 Francisco Torrealba y programa radial con el periodista Luis Avil\u00e9s, en la emisora Activa 104.9 a la 1:30 pm.<\/p>\n\n\n\n<p>\u2022 Mi\u00e9rcoles cuatro de agosto obsequios a las ni\u00f1as de la Casa Hogar Madre Candelaria.<\/p>\n\n\n\n<p><\/p>\n","protected":false},"excerpt":{"rendered":"<p>Amanda Saldivia.- Con globos azules al aire y cohetes inici\u00f3 este domingo primero de agosto la Caminata por la Salud que organiz\u00f3 el Centro M\u00e9dico Orituco, como parte de la programaci\u00f3n para celebrar el 30 aniversario de esta instituci\u00f3n de Altagracia de Orituco, Gu\u00e1rico. Justo antes de la partida la<\/p>\n","protected":false},"author":2,"featured_media":2824,"comment_status":"open","ping_status":"open","sticky":false,"template":"","format":"standard","meta":{"advanced_seo_description":"","jetpack_seo_html_title":"","jetpack_seo_noindex":false,"_jetpack_memberships_contains_paid_content":false,"footnotes":"","jetpack_publicize_message":"","jetpack_publicize_feature_enabled":true,"jetpack_social_post_already_shared":true,"jetpack_social_options":{"image_generator_settings":{"template":"highway","enabled":false},"version":2}},"categories":[117],"tags":[8,264,32],"class_list":["post-2823","post","type-post","status-publish","format-standard","has-post-thumbnail","hentry","category-celebracion","tag-altagraciadeorituco","tag-centromedicoorituco","tag-webdealta",""],"jetpack_publicize_connections":[],"jetpack_featured_media_url":"https:\/\/webdealta.info\/wp-content\/uploads\/2021\/08\/centro-medico-orituco-webdealta-2.png","jetpack_sharing_enabled":true,"jetpack_likes_enabled":true,"jetpack-related-posts":[],"jetpack_shortlink":"https:\/\/wp.me\/pcseDn-Jx","_links":{"self":[{"href":"https:\/\/webdealta.info\/index.php?rest_route=\/wp\/v2\/posts\/2823","targetHints":{"allow":["GET"]}}],"collection":[{"href":"https:\/\/webdealta.info\/index.php?rest_route=\/wp\/v2\/posts"}],"about":[{"href":"https:\/\/webdealta.info\/index.php?rest_route=\/wp\/v2\/types\/post"}],"author":[{"embeddable":true,"href":"https:\/\/webdealta.info\/index.php?rest_route=\/wp\/v2\/users\/2"}],"replies":[{"embeddable":true,"href":"https:\/\/webdealta.info\/index.php?rest_route=%2Fwp%2Fv2%2Fcomments&post=2823"}],"version-history":[{"count":1,"href":"https:\/\/webdealta.info\/index.php?rest_route=\/wp\/v2\/posts\/2823\/revisions"}],"predecessor-version":[{"id":2825,"href":"https:\/\/webdealta.info\/index.php?rest_route=\/wp\/v2\/posts\/2823\/revisions\/2825"}],"wp:featuredmedia":[{"embeddable":true,"href":"https:\/\/webdealta.info\/index.php?rest_route=\/wp\/v2\/media\/2824"}],"wp:attachment":[{"href":"https:\/\/webdealta.info\/index.php?rest_route=%2Fwp%2Fv2%2Fmedia&parent=2823"}],"wp:term":[{"taxonomy":"category","embeddable":true,"href":"https:\/\/webdealta.info\/index.php?rest_route=%2Fwp%2Fv2%2Fcategories&post=2823"},{"taxonomy":"post_tag","embeddable":true,"href":"https:\/\/webdealta.info\/index.php?rest_route=%2Fwp%2Fv2%2Ftags&post=2823"}],"curies":[{"name":"wp","href":"https:\/\/api.w.org\/{rel}","templated":true}]}}