{"id":2803,"date":"2021-07-28T11:32:21","date_gmt":"2021-07-28T15:32:21","guid":{"rendered":"https:\/\/webdealta.info\/?p=2803"},"modified":"2021-07-28T11:32:23","modified_gmt":"2021-07-28T15:32:23","slug":"centro-medico-orituco-celebra-el-30-aniversario","status":"publish","type":"post","link":"https:\/\/webdealta.info\/?p=2803","title":{"rendered":"Centro M\u00e9dico Orituco celebra el 30 aniversario"},"content":{"rendered":"\n<p>Amanda Saldivia.-<\/p>\n\n\n\n<p>Con una programaci\u00f3n especial el Centro M\u00e9dico Orituco celebra el 30 aniversario y recuerda la visi\u00f3n que tuvo el Dr. C\u00e9sar Ram\u00edrez, m\u00e9dico fundador, quien so\u00f1\u00f3 crear una instituci\u00f3n asistencial que cumpliera con los requisitos exigidos por las leyes venezolanas y con un personal comprometido en prestar un servicio de excelente calidad.<\/p>\n\n\n\n<p>Al aproximarse el tres de agosto, la fecha de la fundaci\u00f3n, la directiva comparti\u00f3 un video donde el Dr. C\u00e9sar Ram\u00edrez le habla al personal en el marco del aniversario n\u00famero 20. En esa oportunidad dijo \u201ccu\u00eddenlo, prot\u00e9janlo, den medicina de calidad, porque Altagracia de Orituco lo merece\u201d.<\/p>\n\n\n\n<p>La partida f\u00edsica del Dr. C\u00e9sar Ram\u00edrez est\u00e1 reciente, fue el 31 de julio de 2019, y como es natural hay sentimientos encontrados entre celebrar los 30 a\u00f1os, sentir que el sue\u00f1o est\u00e1 vigente, tener la certeza de que el compromiso contin\u00faa y por supuesto extra\u00f1ar su presencia.<\/p>\n\n\n\n<p>La directiva prepar\u00f3 una programaci\u00f3n especial, la cual compartimos con ustedes:<\/p>\n\n\n\n<p>&nbsp;\u2022 S\u00e1bado 31 de julio, a las 5:00 pm, habr\u00e1 una Santa Misa en la iglesia de San Rafael de Orituco, en memoria del Dr. C\u00e9sar Ram\u00edrez, m\u00e9dico fundador de la instituci\u00f3n.<\/p>\n\n\n\n<p>\u2022 Domingo 1ero de agosto, Caminata por la Salud, la cual partir\u00e1 desde la sede de esa instituci\u00f3n a las 8:00 am y tendr\u00e1 un recorrido de 4.7 kil\u00f3metros por algunas calles de Altagracia, para nuevamente retornar al Centro M\u00e9dico Orituco.<\/p>\n\n\n\n<p>\u2022 Lunes dos de agosto, a las 6:00 pm, programa especial de Tiempo de Cambios, desde la sede del Centro M\u00e9dico Orituco, para recordar c\u00f3mo comenz\u00f3 la historia de esta instituci\u00f3n de salud.<\/p>\n\n\n\n<p>\u2022 Martes tres de agosto, la fecha aniversario, habr\u00e1 Santa Misa en la sede de la instituci\u00f3n a las 4:00 pm. Adem\u00e1s entrega de canastilla al primer ni\u00f1o nacido ese d\u00eda en el hospital Dr. Jos\u00e9 Francisco Torrealba.<\/p>\n\n\n\n<p>\u2022 Cerrar\u00e1n el mi\u00e9rcoles cuatro de agosto con obsequios a las ni\u00f1as de la Casa Hogar Madre Candelaria.<\/p>\n\n\n\n<p>@amandasaldivia <\/p>\n\n\n\n<p><\/p>\n","protected":false},"excerpt":{"rendered":"<p>Amanda Saldivia.- Con una programaci\u00f3n especial el Centro M\u00e9dico Orituco celebra el 30 aniversario y recuerda la visi\u00f3n que tuvo el Dr. C\u00e9sar Ram\u00edrez, m\u00e9dico fundador, quien so\u00f1\u00f3 crear una instituci\u00f3n asistencial que cumpliera con los requisitos exigidos por las leyes venezolanas y con un personal comprometido en prestar un<\/p>\n","protected":false},"author":2,"featured_media":2804,"comment_status":"open","ping_status":"open","sticky":false,"template":"","format":"standard","meta":{"advanced_seo_description":"","jetpack_seo_html_title":"","jetpack_seo_noindex":false,"_jetpack_memberships_contains_paid_content":false,"footnotes":"","jetpack_publicize_message":"","jetpack_publicize_feature_enabled":true,"jetpack_social_post_already_shared":true,"jetpack_social_options":{"image_generator_settings":{"template":"highway","enabled":false},"version":2}},"categories":[156],"tags":[8,264,32],"class_list":["post-2803","post","type-post","status-publish","format-standard","has-post-thumbnail","hentry","category-publirreportaje","tag-altagraciadeorituco","tag-centromedicoorituco","tag-webdealta",""],"jetpack_publicize_connections":[],"jetpack_featured_media_url":"https:\/\/webdealta.info\/wp-content\/uploads\/2021\/07\/foto-webdealta-CMO-1.jpg","jetpack_sharing_enabled":true,"jetpack_likes_enabled":true,"jetpack-related-posts":[],"jetpack_shortlink":"https:\/\/wp.me\/pcseDn-Jd","_links":{"self":[{"href":"https:\/\/webdealta.info\/index.php?rest_route=\/wp\/v2\/posts\/2803","targetHints":{"allow":["GET"]}}],"collection":[{"href":"https:\/\/webdealta.info\/index.php?rest_route=\/wp\/v2\/posts"}],"about":[{"href":"https:\/\/webdealta.info\/index.php?rest_route=\/wp\/v2\/types\/post"}],"author":[{"embeddable":true,"href":"https:\/\/webdealta.info\/index.php?rest_route=\/wp\/v2\/users\/2"}],"replies":[{"embeddable":true,"href":"https:\/\/webdealta.info\/index.php?rest_route=%2Fwp%2Fv2%2Fcomments&post=2803"}],"version-history":[{"count":1,"href":"https:\/\/webdealta.info\/index.php?rest_route=\/wp\/v2\/posts\/2803\/revisions"}],"predecessor-version":[{"id":2805,"href":"https:\/\/webdealta.info\/index.php?rest_route=\/wp\/v2\/posts\/2803\/revisions\/2805"}],"wp:featuredmedia":[{"embeddable":true,"href":"https:\/\/webdealta.info\/index.php?rest_route=\/wp\/v2\/media\/2804"}],"wp:attachment":[{"href":"https:\/\/webdealta.info\/index.php?rest_route=%2Fwp%2Fv2%2Fmedia&parent=2803"}],"wp:term":[{"taxonomy":"category","embeddable":true,"href":"https:\/\/webdealta.info\/index.php?rest_route=%2Fwp%2Fv2%2Fcategories&post=2803"},{"taxonomy":"post_tag","embeddable":true,"href":"https:\/\/webdealta.info\/index.php?rest_route=%2Fwp%2Fv2%2Ftags&post=2803"}],"curies":[{"name":"wp","href":"https:\/\/api.w.org\/{rel}","templated":true}]}}