{"id":2753,"date":"2021-07-22T20:59:14","date_gmt":"2021-07-23T00:59:14","guid":{"rendered":"https:\/\/webdealta.info\/?p=2753"},"modified":"2021-07-22T20:59:28","modified_gmt":"2021-07-23T00:59:28","slug":"quinto-apagon-del-ano-2021-en-altagracia","status":"publish","type":"post","link":"https:\/\/webdealta.info\/?p=2753","title":{"rendered":"Quinto apag\u00f3n del a\u00f1o 2021 en Altagracia"},"content":{"rendered":"\n<p>Amanda Saldivia.-<\/p>\n\n\n\n<p>A la hora de redactar esta nota, todav\u00eda hay zonas del municipio Monagas, Gu\u00e1rico, sin energ\u00eda el\u00e9ctrica tras registrarse un apag\u00f3n este jueves 22 de julio, a las 12:38 pm, el cual est\u00e1 vinculado a una aver\u00eda en la subestaci\u00f3n Altagracia.<\/p>\n\n\n\n<p>El servicio comenz\u00f3 a restituirse a partir de las 4:00 pm, pero en parroquias como Paso Real de Macaira y parte del circuito el\u00e9ctrico Lezama, que incluye a sectores de Altagracia, entre ellos Brisas del Pe\u00f1\u00f3n y calle Puerto Rico, todav\u00eda estaban sin suministro a las 8:41 pm.<\/p>\n\n\n\n<p>La gerencia de comunicaciones de Corpoelec Gu\u00e1rico, a trav\u00e9s del grupo de WhatsApp Seguridad y Servicios P\u00fablicos Altagracia, emiti\u00f3 dos comunicados. El primero dice lo siguiente \u201cse informa a la comunidad del municipio Monagas en el estado Gu\u00e1rico, que motivado a evento ocurrido en l\u00ednea de Transmisi\u00f3n se encuentra interrumpido el suministro de energ\u00eda, la fuerza trabajadora de Corpoelec realiza maniobras para restablecer el servicio el\u00e9ctrico\u201d. Eso fue a las 2:45 pm.<\/p>\n\n\n\n<p>El \u00faltimo aviso fue a las 8:17 pm y especifica que \u201cse informa a la comunidad del municipio Monagas en el estado Gu\u00e1rico, que la fuerza trabajadora de Corpoelec realiza labores para restablecer el servicio el\u00e9ctrico en sectores asociados a los circuitos, Paso Real y Lezama.<\/p>\n\n\n\n<p>El apag\u00f3n de este jueves 22 de julio es el quinto de esta naturaleza registrado en lo que va del a\u00f1o 2021. El primero fue el cinco de enero, otro el 21 de ese mismo mes, se repiti\u00f3 el cinco de abril y el pen\u00faltimo el 26 de junio. Sobre las causas, est\u00e1n asociadas a fallas en la subestaci\u00f3n Altagracia que no han sido solventadas.<\/p>\n\n\n\n<p>@amandasaldivia<\/p>\n\n\n\n<p><\/p>\n","protected":false},"excerpt":{"rendered":"<p>Amanda Saldivia.- A la hora de redactar esta nota, todav\u00eda hay zonas del municipio Monagas, Gu\u00e1rico, sin energ\u00eda el\u00e9ctrica tras registrarse un apag\u00f3n este jueves 22 de julio, a las 12:38 pm, el cual est\u00e1 vinculado a una aver\u00eda en la subestaci\u00f3n Altagracia. El servicio comenz\u00f3 a restituirse a partir<\/p>\n","protected":false},"author":2,"featured_media":2754,"comment_status":"open","ping_status":"open","sticky":false,"template":"","format":"standard","meta":{"advanced_seo_description":"","jetpack_seo_html_title":"","jetpack_seo_noindex":false,"_jetpack_memberships_contains_paid_content":false,"footnotes":"","jetpack_publicize_message":"","jetpack_publicize_feature_enabled":true,"jetpack_social_post_already_shared":true,"jetpack_social_options":{"image_generator_settings":{"template":"highway","enabled":false},"version":2}},"categories":[122],"tags":[8,140,32],"class_list":["post-2753","post","type-post","status-publish","format-standard","has-post-thumbnail","hentry","category-electricidad","tag-altagraciadeorituco","tag-apagon","tag-webdealta",""],"jetpack_publicize_connections":[],"jetpack_featured_media_url":"https:\/\/webdealta.info\/wp-content\/uploads\/2021\/07\/Foto-subestacion-Altagracia-1.jpg","jetpack_sharing_enabled":true,"jetpack_likes_enabled":true,"jetpack-related-posts":[],"jetpack_shortlink":"https:\/\/wp.me\/pcseDn-Ip","_links":{"self":[{"href":"https:\/\/webdealta.info\/index.php?rest_route=\/wp\/v2\/posts\/2753","targetHints":{"allow":["GET"]}}],"collection":[{"href":"https:\/\/webdealta.info\/index.php?rest_route=\/wp\/v2\/posts"}],"about":[{"href":"https:\/\/webdealta.info\/index.php?rest_route=\/wp\/v2\/types\/post"}],"author":[{"embeddable":true,"href":"https:\/\/webdealta.info\/index.php?rest_route=\/wp\/v2\/users\/2"}],"replies":[{"embeddable":true,"href":"https:\/\/webdealta.info\/index.php?rest_route=%2Fwp%2Fv2%2Fcomments&post=2753"}],"version-history":[{"count":1,"href":"https:\/\/webdealta.info\/index.php?rest_route=\/wp\/v2\/posts\/2753\/revisions"}],"predecessor-version":[{"id":2755,"href":"https:\/\/webdealta.info\/index.php?rest_route=\/wp\/v2\/posts\/2753\/revisions\/2755"}],"wp:featuredmedia":[{"embeddable":true,"href":"https:\/\/webdealta.info\/index.php?rest_route=\/wp\/v2\/media\/2754"}],"wp:attachment":[{"href":"https:\/\/webdealta.info\/index.php?rest_route=%2Fwp%2Fv2%2Fmedia&parent=2753"}],"wp:term":[{"taxonomy":"category","embeddable":true,"href":"https:\/\/webdealta.info\/index.php?rest_route=%2Fwp%2Fv2%2Fcategories&post=2753"},{"taxonomy":"post_tag","embeddable":true,"href":"https:\/\/webdealta.info\/index.php?rest_route=%2Fwp%2Fv2%2Ftags&post=2753"}],"curies":[{"name":"wp","href":"https:\/\/api.w.org\/{rel}","templated":true}]}}