{"id":2711,"date":"2021-07-19T16:00:38","date_gmt":"2021-07-19T20:00:38","guid":{"rendered":"https:\/\/webdealta.info\/?p=2711"},"modified":"2021-07-19T16:00:42","modified_gmt":"2021-07-19T20:00:42","slug":"esperan-sustitucion-de-techos-de-asbesto","status":"publish","type":"post","link":"https:\/\/webdealta.info\/?p=2711","title":{"rendered":"Esperan sustituci\u00f3n de techos de asbesto"},"content":{"rendered":"\n<p>Amanda Saldivia.-<\/p>\n\n\n\n<p>No se ha concretado el proyecto que introdujo la alcald\u00eda del municipio Monagas ante el Fondo de Compensaci\u00f3n Interterritorial, con la finalidad de sustituir los techos de asbesto de 12 viviendas de la urbanizaci\u00f3n El Diamante, raz\u00f3n por la cual existe preocupaci\u00f3n entre las familias que hicieron la solicitud en el a\u00f1o 2020.<\/p>\n\n\n\n<p>De acuerdo al documento enviado a la Web de Altagracia, el proyecto lleva por nombre \u201cSustituci\u00f3n de techos de asbesto por l\u00e1minas de acerolit con sus respectivos caballetes y accesorios para su instalaci\u00f3n\u201d, por un monto de Bs. 3.616.595.380,35, en diciembre de 2020. Sin embargo, no hay una respuesta positiva para las familias que piden el cambio, debido a la advertencia que durante a\u00f1os ha hecho la Organizaci\u00f3n Mundial de la Salud respecto a ese material por considerarlo cancer\u00edgeno.<\/p>\n\n\n\n<p>Estas 12 viviendas con techos de asbesto fueron construidas por el Instituto Regional de la Vivienda IAVEG en 1998, pero a\u00f1os m\u00e1s tarde la Organizaci\u00f3n Mundial de la Salud advirti\u00f3 que el asbesto \u201ccausa c\u00e1ncer de pulm\u00f3n, laringe, ovario, pleura y fibrosis pulmonar\u201d, adem\u00e1s de ratificar en distintos documentos (2015), que si bien es cierto la exposici\u00f3n est\u00e1 relacionada a enfermedades ocupacionales en las f\u00e1bricas donde se elabora, tambi\u00e9n hay estudios que sustentan que el deterioro de los techos expone a quienes habitan en casas construidas con este material.<\/p>\n\n\n\n<p>Precisamente por ese conocimiento, es que las 12 familias de la urbanizaci\u00f3n El Diamante han tramitado por a\u00f1os la sustituci\u00f3n de este techo de asbesto por otro material, sin que hasta el momento se concrete una respuesta satisfactoria, a pesar del riesgo al cual est\u00e1n expuestos. Por ese motivo, piden que la alcald\u00eda retome la solicitud realizada ante el Fondo de Compensaci\u00f3n Interterritorial.<\/p>\n\n\n\n<p>@amandasaldivia<\/p>\n\n\n\n<p><\/p>\n","protected":false},"excerpt":{"rendered":"<p>Amanda Saldivia.- No se ha concretado el proyecto que introdujo la alcald\u00eda del municipio Monagas ante el Fondo de Compensaci\u00f3n Interterritorial, con la finalidad de sustituir los techos de asbesto de 12 viviendas de la urbanizaci\u00f3n El Diamante, raz\u00f3n por la cual existe preocupaci\u00f3n entre las familias que hicieron la<\/p>\n","protected":false},"author":2,"featured_media":2712,"comment_status":"open","ping_status":"open","sticky":false,"template":"","format":"standard","meta":{"advanced_seo_description":"","jetpack_seo_html_title":"","jetpack_seo_noindex":false,"_jetpack_memberships_contains_paid_content":false,"footnotes":"","jetpack_publicize_message":"","jetpack_publicize_feature_enabled":true,"jetpack_social_post_already_shared":true,"jetpack_social_options":{"image_generator_settings":{"template":"highway","enabled":false},"version":2}},"categories":[89],"tags":[8,7],"class_list":["post-2711","post","type-post","status-publish","format-standard","has-post-thumbnail","hentry","category-comunidad","tag-altagraciadeorituco","tag-guarico",""],"jetpack_publicize_connections":[],"jetpack_featured_media_url":"https:\/\/webdealta.info\/wp-content\/uploads\/2021\/07\/techos-webdealta-1.jpg","jetpack_sharing_enabled":true,"jetpack_likes_enabled":true,"jetpack-related-posts":[],"jetpack_shortlink":"https:\/\/wp.me\/pcseDn-HJ","_links":{"self":[{"href":"https:\/\/webdealta.info\/index.php?rest_route=\/wp\/v2\/posts\/2711","targetHints":{"allow":["GET"]}}],"collection":[{"href":"https:\/\/webdealta.info\/index.php?rest_route=\/wp\/v2\/posts"}],"about":[{"href":"https:\/\/webdealta.info\/index.php?rest_route=\/wp\/v2\/types\/post"}],"author":[{"embeddable":true,"href":"https:\/\/webdealta.info\/index.php?rest_route=\/wp\/v2\/users\/2"}],"replies":[{"embeddable":true,"href":"https:\/\/webdealta.info\/index.php?rest_route=%2Fwp%2Fv2%2Fcomments&post=2711"}],"version-history":[{"count":1,"href":"https:\/\/webdealta.info\/index.php?rest_route=\/wp\/v2\/posts\/2711\/revisions"}],"predecessor-version":[{"id":2713,"href":"https:\/\/webdealta.info\/index.php?rest_route=\/wp\/v2\/posts\/2711\/revisions\/2713"}],"wp:featuredmedia":[{"embeddable":true,"href":"https:\/\/webdealta.info\/index.php?rest_route=\/wp\/v2\/media\/2712"}],"wp:attachment":[{"href":"https:\/\/webdealta.info\/index.php?rest_route=%2Fwp%2Fv2%2Fmedia&parent=2711"}],"wp:term":[{"taxonomy":"category","embeddable":true,"href":"https:\/\/webdealta.info\/index.php?rest_route=%2Fwp%2Fv2%2Fcategories&post=2711"},{"taxonomy":"post_tag","embeddable":true,"href":"https:\/\/webdealta.info\/index.php?rest_route=%2Fwp%2Fv2%2Ftags&post=2711"}],"curies":[{"name":"wp","href":"https:\/\/api.w.org\/{rel}","templated":true}]}}