{"id":2680,"date":"2021-07-12T21:08:04","date_gmt":"2021-07-13T01:08:04","guid":{"rendered":"https:\/\/webdealta.info\/?p=2680"},"modified":"2021-07-12T21:08:13","modified_gmt":"2021-07-13T01:08:13","slug":"comienza-vacunacion-contra-el-virus-covid-19","status":"publish","type":"post","link":"https:\/\/webdealta.info\/?p=2680","title":{"rendered":"Comienza vacunaci\u00f3n contra el virus covid-19"},"content":{"rendered":"\n<p>Amanda Saldivia.-<\/p>\n\n\n\n<p>Al fin el sistema Patria activ\u00f3 este lunes 12 de julio la opci\u00f3n de registro para el municipio Monagas, Gu\u00e1rico, respecto a la solicitud de las vacunas contra el virus covid-19 y ya comenzaron a llegar los mensajes que especifican que la inmunizaci\u00f3n ser\u00e1 en la cancha La Cuman\u00e1 de Altagracia de Orituco, desde este martes 13.<\/p>\n\n\n\n<p>Sin embargo, hay muchas dudas sobre la jornada, entre ellas personas que salieron anteriormente seleccionadas para vacunarse en San Juan de los Morros, por ejemplo, y perdieron la cita, porque no pudieron trasladarse en virtud de lo que implica un pasaje a la capital guarique\u00f1a, el cual est\u00e1 a raz\u00f3n de 10 d\u00f3lares ida y vuelta, monto que supera la capacidad econ\u00f3mica de la mayor\u00eda de la poblaci\u00f3n. Ellos se preguntan, qu\u00e9 deben hacer, ser\u00e1n vacunados en Altagracia.<\/p>\n\n\n\n<p>Igualmente a la Web de Altagracia llegan interrogantes, sobre con qu\u00e9 vacunas van a inmunizar, porque hay dudas sobre si es la indicada para los mayores de 60 a\u00f1os, ya que en otras oportunidades se especificaba que la Sputnik-V era para ese grupo etario y la China Sinopharm, que aplicar\u00e1n en Altagracia, para los menores a esa edad.<\/p>\n\n\n\n<p>Otra denuncia est\u00e1 relacionada a personas que no podr\u00e1n acudir este martes a la cita, porque la escasez de combustible les impide trasladarse desde los distintos caser\u00edos que conforman el municipio Monagas. En ese participar, preguntan si pierden la oportunidad o pueden ir otro d\u00eda.<\/p>\n\n\n\n<p>Todo ese abanico de interrogantes surgen y el equipo del salud encabezado por el licenciado Margarito Quintana, coordinador de la ASIC, prometi\u00f3 aclarar las dudas cuando tengan las respuestas precisas de la Direcci\u00f3n Regional de Salud. Lo que si mantiene firme, es que este martes 13 de julio estar\u00e1 en la cancha La Cuman\u00e1 desde las 8:00 am para dar comienzo al plan de vacunaci\u00f3n, espec\u00edficamente para aquellos ciudadanos que hayan recibido el mensaje de que les corresponde ese d\u00eda y en ese lugar.<\/p>\n\n\n\n<p>@amandasaldivia<\/p>\n\n\n\n<p><\/p>\n","protected":false},"excerpt":{"rendered":"<p>Amanda Saldivia.- Al fin el sistema Patria activ\u00f3 este lunes 12 de julio la opci\u00f3n de registro para el municipio Monagas, Gu\u00e1rico, respecto a la solicitud de las vacunas contra el virus covid-19 y ya comenzaron a llegar los mensajes que especifican que la inmunizaci\u00f3n ser\u00e1 en la cancha La<\/p>\n","protected":false},"author":2,"featured_media":2681,"comment_status":"open","ping_status":"open","sticky":false,"template":"","format":"standard","meta":{"advanced_seo_description":"","jetpack_seo_html_title":"","jetpack_seo_noindex":false,"_jetpack_memberships_contains_paid_content":false,"footnotes":"","jetpack_publicize_message":"","jetpack_publicize_feature_enabled":true,"jetpack_social_post_already_shared":true,"jetpack_social_options":{"image_generator_settings":{"template":"highway","enabled":false},"version":2}},"categories":[195],"tags":[257,32],"class_list":["post-2680","post","type-post","status-publish","format-standard","has-post-thumbnail","hentry","category-covid-19","tag-vacunasya","tag-webdealta",""],"jetpack_publicize_connections":[],"jetpack_featured_media_url":"https:\/\/webdealta.info\/wp-content\/uploads\/2021\/07\/vacunas-webdealta-2-1.png","jetpack_sharing_enabled":true,"jetpack_likes_enabled":true,"jetpack-related-posts":[],"jetpack_shortlink":"https:\/\/wp.me\/pcseDn-He","_links":{"self":[{"href":"https:\/\/webdealta.info\/index.php?rest_route=\/wp\/v2\/posts\/2680","targetHints":{"allow":["GET"]}}],"collection":[{"href":"https:\/\/webdealta.info\/index.php?rest_route=\/wp\/v2\/posts"}],"about":[{"href":"https:\/\/webdealta.info\/index.php?rest_route=\/wp\/v2\/types\/post"}],"author":[{"embeddable":true,"href":"https:\/\/webdealta.info\/index.php?rest_route=\/wp\/v2\/users\/2"}],"replies":[{"embeddable":true,"href":"https:\/\/webdealta.info\/index.php?rest_route=%2Fwp%2Fv2%2Fcomments&post=2680"}],"version-history":[{"count":1,"href":"https:\/\/webdealta.info\/index.php?rest_route=\/wp\/v2\/posts\/2680\/revisions"}],"predecessor-version":[{"id":2682,"href":"https:\/\/webdealta.info\/index.php?rest_route=\/wp\/v2\/posts\/2680\/revisions\/2682"}],"wp:featuredmedia":[{"embeddable":true,"href":"https:\/\/webdealta.info\/index.php?rest_route=\/wp\/v2\/media\/2681"}],"wp:attachment":[{"href":"https:\/\/webdealta.info\/index.php?rest_route=%2Fwp%2Fv2%2Fmedia&parent=2680"}],"wp:term":[{"taxonomy":"category","embeddable":true,"href":"https:\/\/webdealta.info\/index.php?rest_route=%2Fwp%2Fv2%2Fcategories&post=2680"},{"taxonomy":"post_tag","embeddable":true,"href":"https:\/\/webdealta.info\/index.php?rest_route=%2Fwp%2Fv2%2Ftags&post=2680"}],"curies":[{"name":"wp","href":"https:\/\/api.w.org\/{rel}","templated":true}]}}